{"id":52588,"date":"2026-01-22T09:18:48","date_gmt":"2026-01-22T12:18:48","guid":{"rendered":"https:\/\/redebeneditina.org.br\/ispx\/?p=52588"},"modified":"2026-01-22T09:18:48","modified_gmt":"2026-01-22T12:18:48","slug":"boas-vindas-da-equipe-da-educacao-infantil-e-do-ensino-fundamental-i","status":"publish","type":"post","link":"https:\/\/redebeneditina.org.br\/ispx\/boas-vindas-da-equipe-da-educacao-infantil-e-do-ensino-fundamental-i\/","title":{"rendered":"Boas-vindas da Equipe da Educa\u00e7\u00e3o Infantil e do Ensino Fundamental I"},"content":{"rendered":"<p>Preparamos um v\u00eddeo especial! Venha conhecer a Equipe da Educa\u00e7\u00e3o Infantil e do Ensino Fundamental I e sinta-se acolhido desde o primeiro momento.<\/p>\n<p>Confira o v\u00eddeo em nosso Instagram: <a href=\"https:\/\/www.instagram.com\/p\/DTz_V0xCn7b\/\">https:\/\/www.instagram.com\/p\/DTz_V0xCn7b\/ <\/a>ou em nosso Facebook: <a href=\"https:\/\/www.facebook.com\/share\/r\/17yqD3JNcZ\/\">https:\/\/www.facebook.com\/share\/r\/17yqD3JNcZ\/<\/a><\/p>\n","protected":false},"excerpt":{"rendered":"<p>Preparamos um v\u00eddeo especial! Venha conhecer a Equipe da Educa\u00e7\u00e3o Infantil e do Ensino Fundamental I e sinta-se acolhido desde o primeiro momento. Confira o v\u00eddeo em nosso Instagram: https:\/\/www.instagram.com\/p\/DTz_V0xCn7b\/ ou em nosso Facebook: https:\/\/www.facebook.com\/share\/r\/17yqD3JNcZ\/<\/p>\n","protected":false},"author":2,"featured_media":52589,"comment_status":"closed","ping_status":"closed","sticky":false,"template":"","format":"standard","meta":{"_monsterinsights_skip_tracking":false,"_monsterinsights_sitenote_active":false,"_monsterinsights_sitenote_note":"","_monsterinsights_sitenote_category":0,"ngg_post_thumbnail":0,"footnotes":""},"categories":[114,88,89,82],"tags":[],"class_list":["post-52588","post","type-post","status-publish","format-standard","has-post-thumbnail","hentry","category-noticias-ano2026","category-ed-infantil","category-ens-fund_i","category-noticias"],"_links":{"self":[{"href":"https:\/\/redebeneditina.org.br\/ispx\/wp-json\/wp\/v2\/posts\/52588","targetHints":{"allow":["GET"]}}],"collection":[{"href":"https:\/\/redebeneditina.org.br\/ispx\/wp-json\/wp\/v2\/posts"}],"about":[{"href":"https:\/\/redebeneditina.org.br\/ispx\/wp-json\/wp\/v2\/types\/post"}],"author":[{"embeddable":true,"href":"https:\/\/redebeneditina.org.br\/ispx\/wp-json\/wp\/v2\/users\/2"}],"replies":[{"embeddable":true,"href":"https:\/\/redebeneditina.org.br\/ispx\/wp-json\/wp\/v2\/comments?post=52588"}],"version-history":[{"count":1,"href":"https:\/\/redebeneditina.org.br\/ispx\/wp-json\/wp\/v2\/posts\/52588\/revisions"}],"predecessor-version":[{"id":52590,"href":"https:\/\/redebeneditina.org.br\/ispx\/wp-json\/wp\/v2\/posts\/52588\/revisions\/52590"}],"wp:featuredmedia":[{"embeddable":true,"href":"https:\/\/redebeneditina.org.br\/ispx\/wp-json\/wp\/v2\/media\/52589"}],"wp:attachment":[{"href":"https:\/\/redebeneditina.org.br\/ispx\/wp-json\/wp\/v2\/media?parent=52588"}],"wp:term":[{"taxonomy":"category","embeddable":true,"href":"https:\/\/redebeneditina.org.br\/ispx\/wp-json\/wp\/v2\/categories?post=52588"},{"taxonomy":"post_tag","embeddable":true,"href":"https:\/\/redebeneditina.org.br\/ispx\/wp-json\/wp\/v2\/tags?post=52588"}],"curies":[{"name":"wp","href":"https:\/\/api.w.org\/{rel}","templated":true}]}}