{"id":52593,"date":"2026-01-22T16:10:40","date_gmt":"2026-01-22T19:10:40","guid":{"rendered":"https:\/\/redebeneditina.org.br\/ispx\/?p=52593"},"modified":"2026-01-22T16:10:40","modified_gmt":"2026-01-22T19:10:40","slug":"volta-as-aulas-da-educacao-infantil-do-instituto-sao-pio-x","status":"publish","type":"post","link":"https:\/\/redebeneditina.org.br\/ispx\/volta-as-aulas-da-educacao-infantil-do-instituto-sao-pio-x\/","title":{"rendered":"Volta \u00e0s Aulas da Educa\u00e7\u00e3o Infantil do Instituto S\u00e3o Pio X"},"content":{"rendered":"<p>\u2728 Um come\u00e7o cheio de alegria! \u2728<\/p>\n<p>O primeiro dia de aula da Educa\u00e7\u00e3o Infantil do Instituto S\u00e3o Pio X foi simplesmente um sucesso! \ud83e\udd70\ud83c\udf92<\/p>\n<p>Teve sorrisos, descobertas, acolhimento e muito carinho em cada detalhe. Nossos pequenos foram recebidos com amor, seguran\u00e7a e um ambiente preparado para aprender brincando.<\/p>\n<p>Que este seja apenas o in\u00edcio de um ano repleto de crescimento, amizade e lindas conquistas! \ud83c\udf08\u2728<\/p>\n<p>\ud83d\udc99 Sejam bem-vindos, pequenos! A escola j\u00e1 estava com saudade de voc\u00eas.<\/p>\n<p>Confira o v\u00eddeo em nosso:<\/p>\n<p>Instagram: <a href=\"https:\/\/www.instagram.com\/p\/DT0u_7Bj47N\/\">https:\/\/www.instagram.com\/p\/DT0u_7Bj47N\/<\/a><\/p>\n<p>Facebook: <a href=\"http:\/\/facebook.com\/reel\/1417858670005154\/?s=single_unit\">facebook.com\/reel\/1417858670005154\/?s=single_unit<\/a><\/p>\n","protected":false},"excerpt":{"rendered":"<p>\u2728 Um come\u00e7o cheio de alegria! \u2728 O primeiro dia de aula da Educa\u00e7\u00e3o Infantil do Instituto S\u00e3o Pio X foi simplesmente um sucesso! \ud83e\udd70\ud83c\udf92 Teve sorrisos, descobertas, acolhimento e muito carinho em cada detalhe. Nossos pequenos foram recebidos com amor, seguran\u00e7a e um ambiente preparado para aprender brincando. Que este seja apenas o in\u00edcio&#8230;<\/p>\n","protected":false},"author":2,"featured_media":52594,"comment_status":"closed","ping_status":"closed","sticky":false,"template":"","format":"standard","meta":{"_monsterinsights_skip_tracking":false,"_monsterinsights_sitenote_active":false,"_monsterinsights_sitenote_note":"","_monsterinsights_sitenote_category":0,"ngg_post_thumbnail":0,"footnotes":""},"categories":[114,88,82],"tags":[],"class_list":["post-52593","post","type-post","status-publish","format-standard","has-post-thumbnail","hentry","category-noticias-ano2026","category-ed-infantil","category-noticias"],"_links":{"self":[{"href":"https:\/\/redebeneditina.org.br\/ispx\/wp-json\/wp\/v2\/posts\/52593","targetHints":{"allow":["GET"]}}],"collection":[{"href":"https:\/\/redebeneditina.org.br\/ispx\/wp-json\/wp\/v2\/posts"}],"about":[{"href":"https:\/\/redebeneditina.org.br\/ispx\/wp-json\/wp\/v2\/types\/post"}],"author":[{"embeddable":true,"href":"https:\/\/redebeneditina.org.br\/ispx\/wp-json\/wp\/v2\/users\/2"}],"replies":[{"embeddable":true,"href":"https:\/\/redebeneditina.org.br\/ispx\/wp-json\/wp\/v2\/comments?post=52593"}],"version-history":[{"count":1,"href":"https:\/\/redebeneditina.org.br\/ispx\/wp-json\/wp\/v2\/posts\/52593\/revisions"}],"predecessor-version":[{"id":52595,"href":"https:\/\/redebeneditina.org.br\/ispx\/wp-json\/wp\/v2\/posts\/52593\/revisions\/52595"}],"wp:featuredmedia":[{"embeddable":true,"href":"https:\/\/redebeneditina.org.br\/ispx\/wp-json\/wp\/v2\/media\/52594"}],"wp:attachment":[{"href":"https:\/\/redebeneditina.org.br\/ispx\/wp-json\/wp\/v2\/media?parent=52593"}],"wp:term":[{"taxonomy":"category","embeddable":true,"href":"https:\/\/redebeneditina.org.br\/ispx\/wp-json\/wp\/v2\/categories?post=52593"},{"taxonomy":"post_tag","embeddable":true,"href":"https:\/\/redebeneditina.org.br\/ispx\/wp-json\/wp\/v2\/tags?post=52593"}],"curies":[{"name":"wp","href":"https:\/\/api.w.org\/{rel}","templated":true}]}}