{"id":52596,"date":"2026-01-23T09:49:59","date_gmt":"2026-01-23T12:49:59","guid":{"rendered":"https:\/\/redebeneditina.org.br\/ispx\/?p=52596"},"modified":"2026-01-23T09:49:59","modified_gmt":"2026-01-23T12:49:59","slug":"volta-as-aulas-com-muita-alegria","status":"publish","type":"post","link":"https:\/\/redebeneditina.org.br\/ispx\/volta-as-aulas-com-muita-alegria\/","title":{"rendered":"Volta \u00e0s aulas com muita alegria!"},"content":{"rendered":"<p>Personagens especiais marcaram presen\u00e7a na volta \u00e0s aulas, tornando esse momento ainda mais divertido e inesquec\u00edvel para nossas crian\u00e7as.<\/p>\n<p>Que seja um ano repleto de descobertas, aprendizados e alegria! \ud83d\udcda\ud83d\udc99<\/p>\nngg_shortcode_0_placeholder\n","protected":false},"excerpt":{"rendered":"<p>Personagens especiais marcaram presen\u00e7a na volta \u00e0s aulas, tornando esse momento ainda mais divertido e inesquec\u00edvel para nossas crian\u00e7as. Que seja um ano repleto de descobertas, aprendizados e alegria! \ud83d\udcda\ud83d\udc99<\/p>\n","protected":false},"author":2,"featured_media":52610,"comment_status":"closed","ping_status":"closed","sticky":false,"template":"","format":"standard","meta":{"_monsterinsights_skip_tracking":false,"_monsterinsights_sitenote_active":false,"_monsterinsights_sitenote_note":"","_monsterinsights_sitenote_category":0,"ngg_post_thumbnail":0,"footnotes":""},"categories":[114,88,82],"tags":[],"class_list":["post-52596","post","type-post","status-publish","format-standard","has-post-thumbnail","hentry","category-noticias-ano2026","category-ed-infantil","category-noticias"],"_links":{"self":[{"href":"https:\/\/redebeneditina.org.br\/ispx\/wp-json\/wp\/v2\/posts\/52596","targetHints":{"allow":["GET"]}}],"collection":[{"href":"https:\/\/redebeneditina.org.br\/ispx\/wp-json\/wp\/v2\/posts"}],"about":[{"href":"https:\/\/redebeneditina.org.br\/ispx\/wp-json\/wp\/v2\/types\/post"}],"author":[{"embeddable":true,"href":"https:\/\/redebeneditina.org.br\/ispx\/wp-json\/wp\/v2\/users\/2"}],"replies":[{"embeddable":true,"href":"https:\/\/redebeneditina.org.br\/ispx\/wp-json\/wp\/v2\/comments?post=52596"}],"version-history":[{"count":1,"href":"https:\/\/redebeneditina.org.br\/ispx\/wp-json\/wp\/v2\/posts\/52596\/revisions"}],"predecessor-version":[{"id":52628,"href":"https:\/\/redebeneditina.org.br\/ispx\/wp-json\/wp\/v2\/posts\/52596\/revisions\/52628"}],"wp:featuredmedia":[{"embeddable":true,"href":"https:\/\/redebeneditina.org.br\/ispx\/wp-json\/wp\/v2\/media\/52610"}],"wp:attachment":[{"href":"https:\/\/redebeneditina.org.br\/ispx\/wp-json\/wp\/v2\/media?parent=52596"}],"wp:term":[{"taxonomy":"category","embeddable":true,"href":"https:\/\/redebeneditina.org.br\/ispx\/wp-json\/wp\/v2\/categories?post=52596"},{"taxonomy":"post_tag","embeddable":true,"href":"https:\/\/redebeneditina.org.br\/ispx\/wp-json\/wp\/v2\/tags?post=52596"}],"curies":[{"name":"wp","href":"https:\/\/api.w.org\/{rel}","templated":true}]}}