{"id":52629,"date":"2026-01-26T15:13:36","date_gmt":"2026-01-26T18:13:36","guid":{"rendered":"https:\/\/redebeneditina.org.br\/ispx\/?p=52629"},"modified":"2026-01-28T14:51:42","modified_gmt":"2026-01-28T17:51:42","slug":"volta-as-aulas-6o-ano-ao-ensino-medio","status":"publish","type":"post","link":"https:\/\/redebeneditina.org.br\/ispx\/volta-as-aulas-6o-ano-ao-ensino-medio\/","title":{"rendered":"Volta \u00e0s aulas &#8211; 6\u00ba ano ao Ensino M\u00e9dio"},"content":{"rendered":"<p>\ud83c\udf92\u2728 Sejam bem-vindos! \u2728\ud83d\udcda<\/p>\n<p>Do 6\u00ba ano ao Ensino M\u00e9dio, cada estudante \u00e9 protagonista de uma jornada cheia de descobertas, aprendizados, desafios e conquistas \ud83d\ude80<\/p>\n<p>Que este novo ano seja vivido com alegria, uni\u00e3o, criatividade e vontade de aprender.<\/p>\n<p>Aqui, juntos, vamos construir mem\u00f3rias e escrever lindas hist\u00f3rias! \ud83d\udc99\ud83e\udd0d<\/p>\n<p>ngg_shortcode_0_placeholderConfira o v\u00eddeo em nosso Instagram e Facebook:<\/p>\n<ul>\n<li><a href=\"https:\/\/www.instagram.com\/p\/DT-7b_KlEF9\/\">https:\/\/www.instagram.com\/p\/DT-7b_KlEF9\/<\/a><\/li>\n<li><a href=\"http:\/\/facebook.com\/reel\/1260870922613169\/?s=single_unit\">facebook.com\/reel\/1260870922613169\/?s=single_unit<\/a><\/li>\n<\/ul>\n","protected":false},"excerpt":{"rendered":"<p>\ud83c\udf92\u2728 Sejam bem-vindos! \u2728\ud83d\udcda Do 6\u00ba ano ao Ensino M\u00e9dio, cada estudante \u00e9 protagonista de uma jornada cheia de descobertas, aprendizados, desafios e conquistas \ud83d\ude80 Que este novo ano seja vivido com alegria, uni\u00e3o, criatividade e vontade de aprender. Aqui, juntos, vamos construir mem\u00f3rias e escrever lindas hist\u00f3rias! \ud83d\udc99\ud83e\udd0d Confira o v\u00eddeo em nosso Instagram&#8230;<\/p>\n","protected":false},"author":2,"featured_media":52655,"comment_status":"closed","ping_status":"closed","sticky":false,"template":"","format":"standard","meta":{"_monsterinsights_skip_tracking":false,"_monsterinsights_sitenote_active":false,"_monsterinsights_sitenote_note":"","_monsterinsights_sitenote_category":0,"ngg_post_thumbnail":0,"footnotes":""},"categories":[114,90,91,82],"tags":[],"class_list":["post-52629","post","type-post","status-publish","format-standard","has-post-thumbnail","hentry","category-noticias-ano2026","category-ens-fund_ii","category-ens-medio","category-noticias"],"_links":{"self":[{"href":"https:\/\/redebeneditina.org.br\/ispx\/wp-json\/wp\/v2\/posts\/52629","targetHints":{"allow":["GET"]}}],"collection":[{"href":"https:\/\/redebeneditina.org.br\/ispx\/wp-json\/wp\/v2\/posts"}],"about":[{"href":"https:\/\/redebeneditina.org.br\/ispx\/wp-json\/wp\/v2\/types\/post"}],"author":[{"embeddable":true,"href":"https:\/\/redebeneditina.org.br\/ispx\/wp-json\/wp\/v2\/users\/2"}],"replies":[{"embeddable":true,"href":"https:\/\/redebeneditina.org.br\/ispx\/wp-json\/wp\/v2\/comments?post=52629"}],"version-history":[{"count":3,"href":"https:\/\/redebeneditina.org.br\/ispx\/wp-json\/wp\/v2\/posts\/52629\/revisions"}],"predecessor-version":[{"id":52685,"href":"https:\/\/redebeneditina.org.br\/ispx\/wp-json\/wp\/v2\/posts\/52629\/revisions\/52685"}],"wp:featuredmedia":[{"embeddable":true,"href":"https:\/\/redebeneditina.org.br\/ispx\/wp-json\/wp\/v2\/media\/52655"}],"wp:attachment":[{"href":"https:\/\/redebeneditina.org.br\/ispx\/wp-json\/wp\/v2\/media?parent=52629"}],"wp:term":[{"taxonomy":"category","embeddable":true,"href":"https:\/\/redebeneditina.org.br\/ispx\/wp-json\/wp\/v2\/categories?post=52629"},{"taxonomy":"post_tag","embeddable":true,"href":"https:\/\/redebeneditina.org.br\/ispx\/wp-json\/wp\/v2\/tags?post=52629"}],"curies":[{"name":"wp","href":"https:\/\/api.w.org\/{rel}","templated":true}]}}