{"id":52736,"date":"2026-03-04T12:06:02","date_gmt":"2026-03-04T15:06:02","guid":{"rendered":"https:\/\/redebeneditina.org.br\/ispx\/?p=52736"},"modified":"2026-03-04T12:06:02","modified_gmt":"2026-03-04T15:06:02","slug":"sopa-de-letrinhas-pre-ii","status":"publish","type":"post","link":"https:\/\/redebeneditina.org.br\/ispx\/sopa-de-letrinhas-pre-ii\/","title":{"rendered":"Sopa de Letrinhas &#8211; Pr\u00e9 II"},"content":{"rendered":"<p>O nosso restaurante do Pr\u00e9 II abriu as portas para uma experi\u00eancia deliciosa de aprendizagem! Cada crian\u00e7a \u201cpescou\u201d uma letra da sopa, identificou seu som e pensou em uma palavra que come\u00e7asse com ela.<\/p>\n<p>Trabalhamos vogais e consoantes de forma concreta, divertida e significativa, estimulando a consci\u00eancia fonol\u00f3gica, a oralidade e o reconhecimento das letras.<\/p>\n<p>Aprender brincando torna o processo mais leve, prazeroso e cheio de descobertas!<\/p>\nngg_shortcode_0_placeholder\n","protected":false},"excerpt":{"rendered":"<p>O nosso restaurante do Pr\u00e9 II abriu as portas para uma experi\u00eancia deliciosa de aprendizagem! Cada crian\u00e7a \u201cpescou\u201d uma letra da sopa, identificou seu som e pensou em uma palavra que come\u00e7asse com ela. Trabalhamos vogais e consoantes de forma concreta, divertida e significativa, estimulando a consci\u00eancia fonol\u00f3gica, a oralidade e o reconhecimento das letras.&#8230;<\/p>\n","protected":false},"author":2,"featured_media":52741,"comment_status":"closed","ping_status":"closed","sticky":false,"template":"","format":"standard","meta":{"_monsterinsights_skip_tracking":false,"_monsterinsights_sitenote_active":false,"_monsterinsights_sitenote_note":"","_monsterinsights_sitenote_category":0,"ngg_post_thumbnail":0,"footnotes":""},"categories":[114,88,82],"tags":[],"class_list":["post-52736","post","type-post","status-publish","format-standard","has-post-thumbnail","hentry","category-noticias-ano2026","category-ed-infantil","category-noticias"],"_links":{"self":[{"href":"https:\/\/redebeneditina.org.br\/ispx\/wp-json\/wp\/v2\/posts\/52736","targetHints":{"allow":["GET"]}}],"collection":[{"href":"https:\/\/redebeneditina.org.br\/ispx\/wp-json\/wp\/v2\/posts"}],"about":[{"href":"https:\/\/redebeneditina.org.br\/ispx\/wp-json\/wp\/v2\/types\/post"}],"author":[{"embeddable":true,"href":"https:\/\/redebeneditina.org.br\/ispx\/wp-json\/wp\/v2\/users\/2"}],"replies":[{"embeddable":true,"href":"https:\/\/redebeneditina.org.br\/ispx\/wp-json\/wp\/v2\/comments?post=52736"}],"version-history":[{"count":1,"href":"https:\/\/redebeneditina.org.br\/ispx\/wp-json\/wp\/v2\/posts\/52736\/revisions"}],"predecessor-version":[{"id":52758,"href":"https:\/\/redebeneditina.org.br\/ispx\/wp-json\/wp\/v2\/posts\/52736\/revisions\/52758"}],"wp:featuredmedia":[{"embeddable":true,"href":"https:\/\/redebeneditina.org.br\/ispx\/wp-json\/wp\/v2\/media\/52741"}],"wp:attachment":[{"href":"https:\/\/redebeneditina.org.br\/ispx\/wp-json\/wp\/v2\/media?parent=52736"}],"wp:term":[{"taxonomy":"category","embeddable":true,"href":"https:\/\/redebeneditina.org.br\/ispx\/wp-json\/wp\/v2\/categories?post=52736"},{"taxonomy":"post_tag","embeddable":true,"href":"https:\/\/redebeneditina.org.br\/ispx\/wp-json\/wp\/v2\/tags?post=52736"}],"curies":[{"name":"wp","href":"https:\/\/api.w.org\/{rel}","templated":true}]}}