{"id":52759,"date":"2026-03-05T11:55:44","date_gmt":"2026-03-05T14:55:44","guid":{"rendered":"https:\/\/redebeneditina.org.br\/ispx\/?p=52759"},"modified":"2026-03-05T11:56:47","modified_gmt":"2026-03-05T14:56:47","slug":"terceiro-ano-inicia-os-dias-tematicos-com-criatividade-e-animacao","status":"publish","type":"post","link":"https:\/\/redebeneditina.org.br\/ispx\/terceiro-ano-inicia-os-dias-tematicos-com-criatividade-e-animacao\/","title":{"rendered":"Terceiro Ano inicia os Dias Tem\u00e1ticos com criatividade e anima\u00e7\u00e3o"},"content":{"rendered":"<p>Nossos alunos do terceiro ano come\u00e7aram seus Dias Tem\u00e1ticos com muita criatividade!<\/p>\n<p>Os alunos embarcaram na proposta e trouxeram fantasias, refer\u00eancias e combina\u00e7\u00f5es cheias de personalidade, transformando o ambiente escolar em um momento de descontra\u00e7\u00e3o e integra\u00e7\u00e3o.<\/p>\n<p>Entre sorrisos, parceria e muita anima\u00e7\u00e3o, a turma mostrou que o \u00faltimo ano tamb\u00e9m \u00e9 marcado por uni\u00e3o, leveza e lembran\u00e7as que ficar\u00e3o para sempre na mem\u00f3ria.<\/p>\n<p>ngg_shortcode_0_placeholderConfira o v\u00eddeo em nosso Instagram: <a href=\"https:\/\/www.instagram.com\/reel\/DVgJN3XEXvX\/?igsh=MWh3emM0ZHMycXhvYw==\">https:\/\/www.instagram.com\/reel\/DVgJN3XEXvX\/?igsh=MWh3emM0ZHMycXhvYw==<\/a><\/p>\n","protected":false},"excerpt":{"rendered":"<p>Nossos alunos do terceiro ano come\u00e7aram seus Dias Tem\u00e1ticos com muita criatividade! Os alunos embarcaram na proposta e trouxeram fantasias, refer\u00eancias e combina\u00e7\u00f5es cheias de personalidade, transformando o ambiente escolar em um momento de descontra\u00e7\u00e3o e integra\u00e7\u00e3o. Entre sorrisos, parceria e muita anima\u00e7\u00e3o, a turma mostrou que o \u00faltimo ano tamb\u00e9m \u00e9 marcado por uni\u00e3o,&#8230;<\/p>\n","protected":false},"author":2,"featured_media":52760,"comment_status":"closed","ping_status":"closed","sticky":false,"template":"","format":"standard","meta":{"_monsterinsights_skip_tracking":false,"_monsterinsights_sitenote_active":false,"_monsterinsights_sitenote_note":"","_monsterinsights_sitenote_category":0,"ngg_post_thumbnail":0,"footnotes":""},"categories":[114,91,82],"tags":[],"class_list":["post-52759","post","type-post","status-publish","format-standard","has-post-thumbnail","hentry","category-noticias-ano2026","category-ens-medio","category-noticias"],"_links":{"self":[{"href":"https:\/\/redebeneditina.org.br\/ispx\/wp-json\/wp\/v2\/posts\/52759","targetHints":{"allow":["GET"]}}],"collection":[{"href":"https:\/\/redebeneditina.org.br\/ispx\/wp-json\/wp\/v2\/posts"}],"about":[{"href":"https:\/\/redebeneditina.org.br\/ispx\/wp-json\/wp\/v2\/types\/post"}],"author":[{"embeddable":true,"href":"https:\/\/redebeneditina.org.br\/ispx\/wp-json\/wp\/v2\/users\/2"}],"replies":[{"embeddable":true,"href":"https:\/\/redebeneditina.org.br\/ispx\/wp-json\/wp\/v2\/comments?post=52759"}],"version-history":[{"count":2,"href":"https:\/\/redebeneditina.org.br\/ispx\/wp-json\/wp\/v2\/posts\/52759\/revisions"}],"predecessor-version":[{"id":52768,"href":"https:\/\/redebeneditina.org.br\/ispx\/wp-json\/wp\/v2\/posts\/52759\/revisions\/52768"}],"wp:featuredmedia":[{"embeddable":true,"href":"https:\/\/redebeneditina.org.br\/ispx\/wp-json\/wp\/v2\/media\/52760"}],"wp:attachment":[{"href":"https:\/\/redebeneditina.org.br\/ispx\/wp-json\/wp\/v2\/media?parent=52759"}],"wp:term":[{"taxonomy":"category","embeddable":true,"href":"https:\/\/redebeneditina.org.br\/ispx\/wp-json\/wp\/v2\/categories?post=52759"},{"taxonomy":"post_tag","embeddable":true,"href":"https:\/\/redebeneditina.org.br\/ispx\/wp-json\/wp\/v2\/tags?post=52759"}],"curies":[{"name":"wp","href":"https:\/\/api.w.org\/{rel}","templated":true}]}}