{"id":52769,"date":"2026-03-06T20:32:15","date_gmt":"2026-03-06T23:32:15","guid":{"rendered":"https:\/\/redebeneditina.org.br\/ispx\/?p=52769"},"modified":"2026-03-06T20:32:15","modified_gmt":"2026-03-06T23:32:15","slug":"inicio-a-pastoral-no-instituto-sao-pio-x","status":"publish","type":"post","link":"https:\/\/redebeneditina.org.br\/ispx\/inicio-a-pastoral-no-instituto-sao-pio-x\/","title":{"rendered":"In\u00edcio \u00e0 Pastoral no Instituto S\u00e3o Pio X"},"content":{"rendered":"<p>Ontem demos in\u00edcio \u00e0 Pastoral no Instituto S\u00e3o Pio X.<\/p>\n<p>Um momento especial de encontro, partilha e f\u00e9 com nossos alunos, fortalecendo valores, espiritualidade e o esp\u00edrito de comunidade que fazem parte da nossa miss\u00e3o educativa.<\/p>\n<p>Que este seja um caminho de aprendizado, reflex\u00e3o e crescimento para todos!<\/p>\nngg_shortcode_0_placeholder\n","protected":false},"excerpt":{"rendered":"<p>Ontem demos in\u00edcio \u00e0 Pastoral no Instituto S\u00e3o Pio X. Um momento especial de encontro, partilha e f\u00e9 com nossos alunos, fortalecendo valores, espiritualidade e o esp\u00edrito de comunidade que fazem parte da nossa miss\u00e3o educativa. Que este seja um caminho de aprendizado, reflex\u00e3o e crescimento para todos!<\/p>\n","protected":false},"author":2,"featured_media":52773,"comment_status":"closed","ping_status":"closed","sticky":false,"template":"","format":"standard","meta":{"_monsterinsights_skip_tracking":false,"_monsterinsights_sitenote_active":false,"_monsterinsights_sitenote_note":"","_monsterinsights_sitenote_category":0,"ngg_post_thumbnail":0,"footnotes":""},"categories":[114,92,88,89,90,91,82,96],"tags":[],"class_list":["post-52769","post","type-post","status-publish","format-standard","has-post-thumbnail","hentry","category-noticias-ano2026","category-contraturno","category-ed-infantil","category-ens-fund_i","category-ens-fund_ii","category-ens-medio","category-noticias","category-pastoral-escolar"],"_links":{"self":[{"href":"https:\/\/redebeneditina.org.br\/ispx\/wp-json\/wp\/v2\/posts\/52769","targetHints":{"allow":["GET"]}}],"collection":[{"href":"https:\/\/redebeneditina.org.br\/ispx\/wp-json\/wp\/v2\/posts"}],"about":[{"href":"https:\/\/redebeneditina.org.br\/ispx\/wp-json\/wp\/v2\/types\/post"}],"author":[{"embeddable":true,"href":"https:\/\/redebeneditina.org.br\/ispx\/wp-json\/wp\/v2\/users\/2"}],"replies":[{"embeddable":true,"href":"https:\/\/redebeneditina.org.br\/ispx\/wp-json\/wp\/v2\/comments?post=52769"}],"version-history":[{"count":1,"href":"https:\/\/redebeneditina.org.br\/ispx\/wp-json\/wp\/v2\/posts\/52769\/revisions"}],"predecessor-version":[{"id":52779,"href":"https:\/\/redebeneditina.org.br\/ispx\/wp-json\/wp\/v2\/posts\/52769\/revisions\/52779"}],"wp:featuredmedia":[{"embeddable":true,"href":"https:\/\/redebeneditina.org.br\/ispx\/wp-json\/wp\/v2\/media\/52773"}],"wp:attachment":[{"href":"https:\/\/redebeneditina.org.br\/ispx\/wp-json\/wp\/v2\/media?parent=52769"}],"wp:term":[{"taxonomy":"category","embeddable":true,"href":"https:\/\/redebeneditina.org.br\/ispx\/wp-json\/wp\/v2\/categories?post=52769"},{"taxonomy":"post_tag","embeddable":true,"href":"https:\/\/redebeneditina.org.br\/ispx\/wp-json\/wp\/v2\/tags?post=52769"}],"curies":[{"name":"wp","href":"https:\/\/api.w.org\/{rel}","templated":true}]}}