{"id":52780,"date":"2026-03-09T09:51:44","date_gmt":"2026-03-09T12:51:44","guid":{"rendered":"https:\/\/redebeneditina.org.br\/ispx\/?p=52780"},"modified":"2026-03-09T09:51:44","modified_gmt":"2026-03-09T12:51:44","slug":"olimpiada-brasileira-de-biologia-no-ensino-medio","status":"publish","type":"post","link":"https:\/\/redebeneditina.org.br\/ispx\/olimpiada-brasileira-de-biologia-no-ensino-medio\/","title":{"rendered":"Olimp\u00edada Brasileira de Biologia no Ensino M\u00e9dio"},"content":{"rendered":"<p>Nossos alunos do Ensino M\u00e9dio encararam mais um desafio!<\/p>\n<p>Na \u00faltima ter\u00e7a-feira, colocaram o conhecimento em pr\u00e1tica!&nbsp;<\/p>\n<p>Os estudantes do Ensino M\u00e9dio realizaram a prova da Olimp\u00edada Brasileira de Biologia, uma oportunidade de aprofundar seus conhecimentos e desenvolver o pensamento cient\u00edfico.<\/p>\n<p>Parab\u00e9ns a todos os participantes pelo empenho e dedica\u00e7\u00e3o!<\/p>\nngg_shortcode_0_placeholder\n","protected":false},"excerpt":{"rendered":"<p>Nossos alunos do Ensino M\u00e9dio encararam mais um desafio! Na \u00faltima ter\u00e7a-feira, colocaram o conhecimento em pr\u00e1tica!&nbsp; Os estudantes do Ensino M\u00e9dio realizaram a prova da Olimp\u00edada Brasileira de Biologia, uma oportunidade de aprofundar seus conhecimentos e desenvolver o pensamento cient\u00edfico. Parab\u00e9ns a todos os participantes pelo empenho e dedica\u00e7\u00e3o! &nbsp;<\/p>\n","protected":false},"author":2,"featured_media":52781,"comment_status":"closed","ping_status":"closed","sticky":false,"template":"","format":"standard","meta":{"_monsterinsights_skip_tracking":false,"_monsterinsights_sitenote_active":false,"_monsterinsights_sitenote_note":"","_monsterinsights_sitenote_category":0,"ngg_post_thumbnail":0,"footnotes":""},"categories":[114,91,82],"tags":[],"class_list":["post-52780","post","type-post","status-publish","format-standard","has-post-thumbnail","hentry","category-noticias-ano2026","category-ens-medio","category-noticias"],"_links":{"self":[{"href":"https:\/\/redebeneditina.org.br\/ispx\/wp-json\/wp\/v2\/posts\/52780","targetHints":{"allow":["GET"]}}],"collection":[{"href":"https:\/\/redebeneditina.org.br\/ispx\/wp-json\/wp\/v2\/posts"}],"about":[{"href":"https:\/\/redebeneditina.org.br\/ispx\/wp-json\/wp\/v2\/types\/post"}],"author":[{"embeddable":true,"href":"https:\/\/redebeneditina.org.br\/ispx\/wp-json\/wp\/v2\/users\/2"}],"replies":[{"embeddable":true,"href":"https:\/\/redebeneditina.org.br\/ispx\/wp-json\/wp\/v2\/comments?post=52780"}],"version-history":[{"count":1,"href":"https:\/\/redebeneditina.org.br\/ispx\/wp-json\/wp\/v2\/posts\/52780\/revisions"}],"predecessor-version":[{"id":52790,"href":"https:\/\/redebeneditina.org.br\/ispx\/wp-json\/wp\/v2\/posts\/52780\/revisions\/52790"}],"wp:featuredmedia":[{"embeddable":true,"href":"https:\/\/redebeneditina.org.br\/ispx\/wp-json\/wp\/v2\/media\/52781"}],"wp:attachment":[{"href":"https:\/\/redebeneditina.org.br\/ispx\/wp-json\/wp\/v2\/media?parent=52780"}],"wp:term":[{"taxonomy":"category","embeddable":true,"href":"https:\/\/redebeneditina.org.br\/ispx\/wp-json\/wp\/v2\/categories?post=52780"},{"taxonomy":"post_tag","embeddable":true,"href":"https:\/\/redebeneditina.org.br\/ispx\/wp-json\/wp\/v2\/tags?post=52780"}],"curies":[{"name":"wp","href":"https:\/\/api.w.org\/{rel}","templated":true}]}}