{"id":52826,"date":"2026-03-10T10:33:18","date_gmt":"2026-03-10T13:33:18","guid":{"rendered":"https:\/\/redebeneditina.org.br\/ispx\/?p=52826"},"modified":"2026-03-11T10:37:19","modified_gmt":"2026-03-11T13:37:19","slug":"maternal-i-e-ii-atividade-sobre-projeto-pedagogico-cores","status":"publish","type":"post","link":"https:\/\/redebeneditina.org.br\/ispx\/maternal-i-e-ii-atividade-sobre-projeto-pedagogico-cores\/","title":{"rendered":"Maternal I e II &#8211; Atividade sobre Projeto Pedag\u00f3gico &#8220;Cores&#8221;"},"content":{"rendered":"<div class=\"gmail_default\">Durante o m\u00eas de fevereiro, a turminha do Maternal I e II explorou a cor vermelha atrav\u00e9s de diversas atividades, seguindo o nosso Projeto Pedag\u00f3gico &#8220;Cores&#8221;.&nbsp;<\/div>\n<div class=\"gmail_default\">Para finalizar esse momento de aprendizado de forma especial, realizamos uma deliciosa degusta\u00e7\u00e3o de melancia.<\/div>\n<div class=\"gmail_default\">Al\u00e9m de refor\u00e7ar a identifica\u00e7\u00e3o da cor, a atividade proporcionou uma experi\u00eancia sensorial cheia de sabor e alegria. As crian\u00e7as adoraram esse momento refrescante e divertido!<\/div>\n<div>ngg_shortcode_0_placeholder<\/div>\n","protected":false},"excerpt":{"rendered":"<p>Durante o m\u00eas de fevereiro, a turminha do Maternal I e II explorou a cor vermelha atrav\u00e9s de diversas atividades, seguindo o nosso Projeto Pedag\u00f3gico &#8220;Cores&#8221;.&nbsp; Para finalizar esse momento de aprendizado de forma especial, realizamos uma deliciosa degusta\u00e7\u00e3o de melancia. Al\u00e9m de refor\u00e7ar a identifica\u00e7\u00e3o da cor, a atividade proporcionou uma experi\u00eancia sensorial cheia&#8230;<\/p>\n","protected":false},"author":2,"featured_media":52829,"comment_status":"closed","ping_status":"closed","sticky":false,"template":"","format":"standard","meta":{"_monsterinsights_skip_tracking":false,"_monsterinsights_sitenote_active":false,"_monsterinsights_sitenote_note":"","_monsterinsights_sitenote_category":0,"ngg_post_thumbnail":0,"footnotes":""},"categories":[114,88,82],"tags":[],"class_list":["post-52826","post","type-post","status-publish","format-standard","has-post-thumbnail","hentry","category-noticias-ano2026","category-ed-infantil","category-noticias"],"_links":{"self":[{"href":"https:\/\/redebeneditina.org.br\/ispx\/wp-json\/wp\/v2\/posts\/52826","targetHints":{"allow":["GET"]}}],"collection":[{"href":"https:\/\/redebeneditina.org.br\/ispx\/wp-json\/wp\/v2\/posts"}],"about":[{"href":"https:\/\/redebeneditina.org.br\/ispx\/wp-json\/wp\/v2\/types\/post"}],"author":[{"embeddable":true,"href":"https:\/\/redebeneditina.org.br\/ispx\/wp-json\/wp\/v2\/users\/2"}],"replies":[{"embeddable":true,"href":"https:\/\/redebeneditina.org.br\/ispx\/wp-json\/wp\/v2\/comments?post=52826"}],"version-history":[{"count":1,"href":"https:\/\/redebeneditina.org.br\/ispx\/wp-json\/wp\/v2\/posts\/52826\/revisions"}],"predecessor-version":[{"id":52842,"href":"https:\/\/redebeneditina.org.br\/ispx\/wp-json\/wp\/v2\/posts\/52826\/revisions\/52842"}],"wp:featuredmedia":[{"embeddable":true,"href":"https:\/\/redebeneditina.org.br\/ispx\/wp-json\/wp\/v2\/media\/52829"}],"wp:attachment":[{"href":"https:\/\/redebeneditina.org.br\/ispx\/wp-json\/wp\/v2\/media?parent=52826"}],"wp:term":[{"taxonomy":"category","embeddable":true,"href":"https:\/\/redebeneditina.org.br\/ispx\/wp-json\/wp\/v2\/categories?post=52826"},{"taxonomy":"post_tag","embeddable":true,"href":"https:\/\/redebeneditina.org.br\/ispx\/wp-json\/wp\/v2\/tags?post=52826"}],"curies":[{"name":"wp","href":"https:\/\/api.w.org\/{rel}","templated":true}]}}