{"id":53395,"date":"2026-04-16T09:07:46","date_gmt":"2026-04-16T12:07:46","guid":{"rendered":"https:\/\/redebeneditina.org.br\/ispx\/?p=53395"},"modified":"2026-04-17T09:08:49","modified_gmt":"2026-04-17T12:08:49","slug":"conscientizacao-sobre-o-bullying-reflexao-e-protagonismo-na-1a-serie","status":"publish","type":"post","link":"https:\/\/redebeneditina.org.br\/ispx\/conscientizacao-sobre-o-bullying-reflexao-e-protagonismo-na-1a-serie\/","title":{"rendered":"Conscientiza\u00e7\u00e3o sobre o Bullying: Reflex\u00e3o e Protagonismo na 1\u00aa S\u00e9rie do EM"},"content":{"rendered":"<p>Na \u00faltima segunda, os alunos da 1\u00aa s\u00e9rie do Ensino M\u00e9dio, com o aux\u00edlio da professora Vera, apresentaram um trabalho sobre a conscientiza\u00e7\u00e3o do bullying. Um tema muito importante que precisa ser discutido e refletido no dia a dia.<\/p>\n<p>Parab\u00e9ns a todos os alunos que participaram!<\/p>\n","protected":false},"excerpt":{"rendered":"<p>Na \u00faltima segunda, os alunos da 1\u00aa s\u00e9rie do Ensino M\u00e9dio, com o aux\u00edlio da professora Vera, apresentaram um trabalho sobre a conscientiza\u00e7\u00e3o do bullying. Um tema muito importante que precisa ser discutido e refletido no dia a dia. Parab\u00e9ns a todos os alunos que participaram!<\/p>\n","protected":false},"author":2,"featured_media":53396,"comment_status":"closed","ping_status":"closed","sticky":false,"template":"","format":"standard","meta":{"_monsterinsights_skip_tracking":false,"_monsterinsights_sitenote_active":false,"_monsterinsights_sitenote_note":"","_monsterinsights_sitenote_category":0,"ngg_post_thumbnail":0,"footnotes":""},"categories":[114,91,82],"tags":[],"class_list":["post-53395","post","type-post","status-publish","format-standard","has-post-thumbnail","hentry","category-noticias-ano2026","category-ens-medio","category-noticias"],"_links":{"self":[{"href":"https:\/\/redebeneditina.org.br\/ispx\/wp-json\/wp\/v2\/posts\/53395","targetHints":{"allow":["GET"]}}],"collection":[{"href":"https:\/\/redebeneditina.org.br\/ispx\/wp-json\/wp\/v2\/posts"}],"about":[{"href":"https:\/\/redebeneditina.org.br\/ispx\/wp-json\/wp\/v2\/types\/post"}],"author":[{"embeddable":true,"href":"https:\/\/redebeneditina.org.br\/ispx\/wp-json\/wp\/v2\/users\/2"}],"replies":[{"embeddable":true,"href":"https:\/\/redebeneditina.org.br\/ispx\/wp-json\/wp\/v2\/comments?post=53395"}],"version-history":[{"count":2,"href":"https:\/\/redebeneditina.org.br\/ispx\/wp-json\/wp\/v2\/posts\/53395\/revisions"}],"predecessor-version":[{"id":53398,"href":"https:\/\/redebeneditina.org.br\/ispx\/wp-json\/wp\/v2\/posts\/53395\/revisions\/53398"}],"wp:featuredmedia":[{"embeddable":true,"href":"https:\/\/redebeneditina.org.br\/ispx\/wp-json\/wp\/v2\/media\/53396"}],"wp:attachment":[{"href":"https:\/\/redebeneditina.org.br\/ispx\/wp-json\/wp\/v2\/media?parent=53395"}],"wp:term":[{"taxonomy":"category","embeddable":true,"href":"https:\/\/redebeneditina.org.br\/ispx\/wp-json\/wp\/v2\/categories?post=53395"},{"taxonomy":"post_tag","embeddable":true,"href":"https:\/\/redebeneditina.org.br\/ispx\/wp-json\/wp\/v2\/tags?post=53395"}],"curies":[{"name":"wp","href":"https:\/\/api.w.org\/{rel}","templated":true}]}}