{"id":53399,"date":"2026-04-16T09:08:51","date_gmt":"2026-04-16T12:08:51","guid":{"rendered":"https:\/\/redebeneditina.org.br\/ispx\/?p=53399"},"modified":"2026-04-17T09:16:39","modified_gmt":"2026-04-17T12:16:39","slug":"descobertas-e-sorrisos-no-petzoo","status":"publish","type":"post","link":"https:\/\/redebeneditina.org.br\/ispx\/descobertas-e-sorrisos-no-petzoo\/","title":{"rendered":"Descobertas e Sorrisos no Petzoo"},"content":{"rendered":"<div>Um dia especial na fazendinha, cheio de descobertas, alegria e muitos sorrisos!&nbsp;<\/div>\n<div>&nbsp;<\/div>\n<div dir=\"auto\">Nossos pequenos da educa\u00e7\u00e3o infantil viveram momentos encantadores no Petzoo, aprendendo, explorando e se divertindo em contato com a natureza.&nbsp;<\/div>\n<div dir=\"auto\">&nbsp;<\/div>\n<div dir=\"auto\">Experi\u00eancias que ficam no cora\u00e7\u00e3o e contribuem para o crescimento de cada um!&nbsp;<\/div>\n<div dir=\"auto\">ngg_shortcode_0_placeholder<\/div>\n","protected":false},"excerpt":{"rendered":"<p>Um dia especial na fazendinha, cheio de descobertas, alegria e muitos sorrisos!&nbsp; &nbsp; Nossos pequenos da educa\u00e7\u00e3o infantil viveram momentos encantadores no Petzoo, aprendendo, explorando e se divertindo em contato com a natureza.&nbsp; &nbsp; Experi\u00eancias que ficam no cora\u00e7\u00e3o e contribuem para o crescimento de cada um!&nbsp;<\/p>\n","protected":false},"author":2,"featured_media":53427,"comment_status":"closed","ping_status":"closed","sticky":false,"template":"","format":"standard","meta":{"_monsterinsights_skip_tracking":false,"_monsterinsights_sitenote_active":false,"_monsterinsights_sitenote_note":"","_monsterinsights_sitenote_category":0,"ngg_post_thumbnail":0,"footnotes":""},"categories":[114,88,82],"tags":[],"class_list":["post-53399","post","type-post","status-publish","format-standard","has-post-thumbnail","hentry","category-noticias-ano2026","category-ed-infantil","category-noticias"],"_links":{"self":[{"href":"https:\/\/redebeneditina.org.br\/ispx\/wp-json\/wp\/v2\/posts\/53399","targetHints":{"allow":["GET"]}}],"collection":[{"href":"https:\/\/redebeneditina.org.br\/ispx\/wp-json\/wp\/v2\/posts"}],"about":[{"href":"https:\/\/redebeneditina.org.br\/ispx\/wp-json\/wp\/v2\/types\/post"}],"author":[{"embeddable":true,"href":"https:\/\/redebeneditina.org.br\/ispx\/wp-json\/wp\/v2\/users\/2"}],"replies":[{"embeddable":true,"href":"https:\/\/redebeneditina.org.br\/ispx\/wp-json\/wp\/v2\/comments?post=53399"}],"version-history":[{"count":2,"href":"https:\/\/redebeneditina.org.br\/ispx\/wp-json\/wp\/v2\/posts\/53399\/revisions"}],"predecessor-version":[{"id":53484,"href":"https:\/\/redebeneditina.org.br\/ispx\/wp-json\/wp\/v2\/posts\/53399\/revisions\/53484"}],"wp:featuredmedia":[{"embeddable":true,"href":"https:\/\/redebeneditina.org.br\/ispx\/wp-json\/wp\/v2\/media\/53427"}],"wp:attachment":[{"href":"https:\/\/redebeneditina.org.br\/ispx\/wp-json\/wp\/v2\/media?parent=53399"}],"wp:term":[{"taxonomy":"category","embeddable":true,"href":"https:\/\/redebeneditina.org.br\/ispx\/wp-json\/wp\/v2\/categories?post=53399"},{"taxonomy":"post_tag","embeddable":true,"href":"https:\/\/redebeneditina.org.br\/ispx\/wp-json\/wp\/v2\/tags?post=53399"}],"curies":[{"name":"wp","href":"https:\/\/api.w.org\/{rel}","templated":true}]}}