{"id":53486,"date":"2026-04-22T09:10:34","date_gmt":"2026-04-22T12:10:34","guid":{"rendered":"https:\/\/redebeneditina.org.br\/ispx\/?p=53486"},"modified":"2026-04-29T09:26:28","modified_gmt":"2026-04-29T12:26:28","slug":"lancamento-de-foguetes-do-ef2-ao-ensino-medio","status":"publish","type":"post","link":"https:\/\/redebeneditina.org.br\/ispx\/lancamento-de-foguetes-do-ef2-ao-ensino-medio\/","title":{"rendered":"Lan\u00e7amento de Foguetes: do EF2 ao Ensino M\u00e9dio"},"content":{"rendered":"<p>Os alunos do EF2 ao Ensino M\u00e9dio participaram de uma experi\u00eancia incr\u00edvel com o projeto de Lan\u00e7amento de Foguetes, unindo ci\u00eancia, criatividade e muita pr\u00e1tica!&nbsp;<\/p>\n<p>Quer ver como foi essa atividade cheia de descobertas e aprendizado? Confira os registros e momentos especiais em nosso Instagram e acompanhe de perto essa jornada rumo ao conhecimento!<\/p>\n<p><a href=\"https:\/\/www.instagram.com\/p\/DXXigzjFLjZ\/?img_index=1\">\u00bb 6\u00ba e 7\u00ba ano&nbsp; &#8211; https:\/\/www.instagram.com\/p\/DXXigzjFLjZ\/?img_index=1<\/a><\/p>\n<p><a href=\"https:\/\/www.instagram.com\/p\/DXJ189Fge0d\/\">\u00bb 8\u00ba ano &#8211; https:\/\/www.instagram.com\/p\/DXJ189Fge0d\/<\/a><\/p>\n<p><a href=\"https:\/\/www.instagram.com\/p\/DXPkJTsAUZY\/\">\u00bb 9\u00ba ano &#8211; https:\/\/www.instagram.com\/p\/DXPkJTsAUZY\/<\/a><\/p>\n<p><a href=\"https:\/\/www.instagram.com\/p\/DXaHTFBBC_x\/\">\u00bb Ensino M\u00e9dio &#8211; https:\/\/www.instagram.com\/p\/DXaHTFBBC_x\/<\/a><\/p>\n<p>&nbsp;<\/p>\n<p>&nbsp;<\/p>\n<p>&nbsp;<\/p>\n","protected":false},"excerpt":{"rendered":"<p>Os alunos do EF2 ao Ensino M\u00e9dio participaram de uma experi\u00eancia incr\u00edvel com o projeto de Lan\u00e7amento de Foguetes, unindo ci\u00eancia, criatividade e muita pr\u00e1tica!&nbsp; Quer ver como foi essa atividade cheia de descobertas e aprendizado? Confira os registros e momentos especiais em nosso Instagram e acompanhe de perto essa jornada rumo ao conhecimento! \u00bb&#8230;<\/p>\n","protected":false},"author":2,"featured_media":53487,"comment_status":"closed","ping_status":"closed","sticky":false,"template":"","format":"standard","meta":{"_monsterinsights_skip_tracking":false,"_monsterinsights_sitenote_active":false,"_monsterinsights_sitenote_note":"","_monsterinsights_sitenote_category":0,"ngg_post_thumbnail":0,"footnotes":""},"categories":[114,90,91,82],"tags":[],"class_list":["post-53486","post","type-post","status-publish","format-standard","has-post-thumbnail","hentry","category-noticias-ano2026","category-ens-fund_ii","category-ens-medio","category-noticias"],"_links":{"self":[{"href":"https:\/\/redebeneditina.org.br\/ispx\/wp-json\/wp\/v2\/posts\/53486","targetHints":{"allow":["GET"]}}],"collection":[{"href":"https:\/\/redebeneditina.org.br\/ispx\/wp-json\/wp\/v2\/posts"}],"about":[{"href":"https:\/\/redebeneditina.org.br\/ispx\/wp-json\/wp\/v2\/types\/post"}],"author":[{"embeddable":true,"href":"https:\/\/redebeneditina.org.br\/ispx\/wp-json\/wp\/v2\/users\/2"}],"replies":[{"embeddable":true,"href":"https:\/\/redebeneditina.org.br\/ispx\/wp-json\/wp\/v2\/comments?post=53486"}],"version-history":[{"count":1,"href":"https:\/\/redebeneditina.org.br\/ispx\/wp-json\/wp\/v2\/posts\/53486\/revisions"}],"predecessor-version":[{"id":53488,"href":"https:\/\/redebeneditina.org.br\/ispx\/wp-json\/wp\/v2\/posts\/53486\/revisions\/53488"}],"wp:featuredmedia":[{"embeddable":true,"href":"https:\/\/redebeneditina.org.br\/ispx\/wp-json\/wp\/v2\/media\/53487"}],"wp:attachment":[{"href":"https:\/\/redebeneditina.org.br\/ispx\/wp-json\/wp\/v2\/media?parent=53486"}],"wp:term":[{"taxonomy":"category","embeddable":true,"href":"https:\/\/redebeneditina.org.br\/ispx\/wp-json\/wp\/v2\/categories?post=53486"},{"taxonomy":"post_tag","embeddable":true,"href":"https:\/\/redebeneditina.org.br\/ispx\/wp-json\/wp\/v2\/tags?post=53486"}],"curies":[{"name":"wp","href":"https:\/\/api.w.org\/{rel}","templated":true}]}}