{"id":53489,"date":"2026-04-24T09:26:52","date_gmt":"2026-04-24T12:26:52","guid":{"rendered":"https:\/\/redebeneditina.org.br\/ispx\/?p=53489"},"modified":"2026-04-29T09:30:43","modified_gmt":"2026-04-29T12:30:43","slug":"pequenos-cientistas-lancamento-de-foguetes-no-ef1","status":"publish","type":"post","link":"https:\/\/redebeneditina.org.br\/ispx\/pequenos-cientistas-lancamento-de-foguetes-no-ef1\/","title":{"rendered":"Pequenos Cientistas: Lan\u00e7amento de Foguetes no EF1"},"content":{"rendered":"<p>Os alunos do Ensino Fundamental I embarcaram em uma atividade cheia de divers\u00e3o e descobertas com o lan\u00e7amento de foguetes! Entre aprendizados e muita empolga\u00e7\u00e3o, cada momento foi especial.&nbsp;<\/p>\n<p>N\u00e3o deixe de conferir as fotos e reviver essa experi\u00eancia incr\u00edvel!<\/p>\nngg_shortcode_0_placeholder\n","protected":false},"excerpt":{"rendered":"<p>Os alunos do Ensino Fundamental I embarcaram em uma atividade cheia de divers\u00e3o e descobertas com o lan\u00e7amento de foguetes! Entre aprendizados e muita empolga\u00e7\u00e3o, cada momento foi especial.&nbsp; N\u00e3o deixe de conferir as fotos e reviver essa experi\u00eancia incr\u00edvel!<\/p>\n","protected":false},"author":2,"featured_media":53498,"comment_status":"closed","ping_status":"closed","sticky":false,"template":"","format":"standard","meta":{"_monsterinsights_skip_tracking":false,"_monsterinsights_sitenote_active":false,"_monsterinsights_sitenote_note":"","_monsterinsights_sitenote_category":0,"ngg_post_thumbnail":0,"footnotes":""},"categories":[114,89,82],"tags":[],"class_list":["post-53489","post","type-post","status-publish","format-standard","has-post-thumbnail","hentry","category-noticias-ano2026","category-ens-fund_i","category-noticias"],"_links":{"self":[{"href":"https:\/\/redebeneditina.org.br\/ispx\/wp-json\/wp\/v2\/posts\/53489","targetHints":{"allow":["GET"]}}],"collection":[{"href":"https:\/\/redebeneditina.org.br\/ispx\/wp-json\/wp\/v2\/posts"}],"about":[{"href":"https:\/\/redebeneditina.org.br\/ispx\/wp-json\/wp\/v2\/types\/post"}],"author":[{"embeddable":true,"href":"https:\/\/redebeneditina.org.br\/ispx\/wp-json\/wp\/v2\/users\/2"}],"replies":[{"embeddable":true,"href":"https:\/\/redebeneditina.org.br\/ispx\/wp-json\/wp\/v2\/comments?post=53489"}],"version-history":[{"count":1,"href":"https:\/\/redebeneditina.org.br\/ispx\/wp-json\/wp\/v2\/posts\/53489\/revisions"}],"predecessor-version":[{"id":53509,"href":"https:\/\/redebeneditina.org.br\/ispx\/wp-json\/wp\/v2\/posts\/53489\/revisions\/53509"}],"wp:featuredmedia":[{"embeddable":true,"href":"https:\/\/redebeneditina.org.br\/ispx\/wp-json\/wp\/v2\/media\/53498"}],"wp:attachment":[{"href":"https:\/\/redebeneditina.org.br\/ispx\/wp-json\/wp\/v2\/media?parent=53489"}],"wp:term":[{"taxonomy":"category","embeddable":true,"href":"https:\/\/redebeneditina.org.br\/ispx\/wp-json\/wp\/v2\/categories?post=53489"},{"taxonomy":"post_tag","embeddable":true,"href":"https:\/\/redebeneditina.org.br\/ispx\/wp-json\/wp\/v2\/tags?post=53489"}],"curies":[{"name":"wp","href":"https:\/\/api.w.org\/{rel}","templated":true}]}}