{"id":53510,"date":"2026-04-28T09:32:59","date_gmt":"2026-04-28T12:32:59","guid":{"rendered":"https:\/\/redebeneditina.org.br\/ispx\/?p=53510"},"modified":"2026-04-29T09:34:03","modified_gmt":"2026-04-29T12:34:03","slug":"terceirao-no-clima-estilo-que-marca","status":"publish","type":"post","link":"https:\/\/redebeneditina.org.br\/ispx\/terceirao-no-clima-estilo-que-marca\/","title":{"rendered":"Terceir\u00e3o no Clima: Estilo que Marca!"},"content":{"rendered":"<p>O Terceir\u00e3o entrou no clima do dia tem\u00e1tico.<\/p>\n<p>Dessa vez o tema foi estilos e eles capricharam nas produ\u00e7\u00f5es!!!<\/p>\n","protected":false},"excerpt":{"rendered":"<p>O Terceir\u00e3o entrou no clima do dia tem\u00e1tico. Dessa vez o tema foi estilos e eles capricharam nas produ\u00e7\u00f5es!!!<\/p>\n","protected":false},"author":2,"featured_media":53511,"comment_status":"closed","ping_status":"closed","sticky":false,"template":"","format":"standard","meta":{"_monsterinsights_skip_tracking":false,"_monsterinsights_sitenote_active":false,"_monsterinsights_sitenote_note":"","_monsterinsights_sitenote_category":0,"ngg_post_thumbnail":0,"footnotes":""},"categories":[114,91,82],"tags":[],"class_list":["post-53510","post","type-post","status-publish","format-standard","has-post-thumbnail","hentry","category-noticias-ano2026","category-ens-medio","category-noticias"],"_links":{"self":[{"href":"https:\/\/redebeneditina.org.br\/ispx\/wp-json\/wp\/v2\/posts\/53510","targetHints":{"allow":["GET"]}}],"collection":[{"href":"https:\/\/redebeneditina.org.br\/ispx\/wp-json\/wp\/v2\/posts"}],"about":[{"href":"https:\/\/redebeneditina.org.br\/ispx\/wp-json\/wp\/v2\/types\/post"}],"author":[{"embeddable":true,"href":"https:\/\/redebeneditina.org.br\/ispx\/wp-json\/wp\/v2\/users\/2"}],"replies":[{"embeddable":true,"href":"https:\/\/redebeneditina.org.br\/ispx\/wp-json\/wp\/v2\/comments?post=53510"}],"version-history":[{"count":1,"href":"https:\/\/redebeneditina.org.br\/ispx\/wp-json\/wp\/v2\/posts\/53510\/revisions"}],"predecessor-version":[{"id":53512,"href":"https:\/\/redebeneditina.org.br\/ispx\/wp-json\/wp\/v2\/posts\/53510\/revisions\/53512"}],"wp:featuredmedia":[{"embeddable":true,"href":"https:\/\/redebeneditina.org.br\/ispx\/wp-json\/wp\/v2\/media\/53511"}],"wp:attachment":[{"href":"https:\/\/redebeneditina.org.br\/ispx\/wp-json\/wp\/v2\/media?parent=53510"}],"wp:term":[{"taxonomy":"category","embeddable":true,"href":"https:\/\/redebeneditina.org.br\/ispx\/wp-json\/wp\/v2\/categories?post=53510"},{"taxonomy":"post_tag","embeddable":true,"href":"https:\/\/redebeneditina.org.br\/ispx\/wp-json\/wp\/v2\/tags?post=53510"}],"curies":[{"name":"wp","href":"https:\/\/api.w.org\/{rel}","templated":true}]}}