{"id":53522,"date":"2026-04-25T09:37:13","date_gmt":"2026-04-25T12:37:13","guid":{"rendered":"https:\/\/redebeneditina.org.br\/ispx\/?p=53522"},"modified":"2026-04-29T09:39:51","modified_gmt":"2026-04-29T12:39:51","slug":"pre-ii-encanta-com-releitura-de-romeu-e-julieta-no-sarau-literario","status":"publish","type":"post","link":"https:\/\/redebeneditina.org.br\/ispx\/pre-ii-encanta-com-releitura-de-romeu-e-julieta-no-sarau-literario\/","title":{"rendered":"Pr\u00e9 II encanta com releitura de Romeu e Julieta no Sarau Liter\u00e1rio"},"content":{"rendered":"<p>No sarau liter\u00e1rio, a turminha do Pr\u00e9 II realizou uma releitura da obra Romeu e Julieta, de Ruth Rocha.<\/p>\nngg_shortcode_0_placeholder\n","protected":false},"excerpt":{"rendered":"<p>No sarau liter\u00e1rio, a turminha do Pr\u00e9 II realizou uma releitura da obra Romeu e Julieta, de Ruth Rocha.<\/p>\n","protected":false},"author":2,"featured_media":53526,"comment_status":"closed","ping_status":"closed","sticky":false,"template":"","format":"standard","meta":{"_monsterinsights_skip_tracking":false,"_monsterinsights_sitenote_active":false,"_monsterinsights_sitenote_note":"","_monsterinsights_sitenote_category":0,"ngg_post_thumbnail":0,"footnotes":""},"categories":[114,88,82],"tags":[],"class_list":["post-53522","post","type-post","status-publish","format-standard","has-post-thumbnail","hentry","category-noticias-ano2026","category-ed-infantil","category-noticias"],"_links":{"self":[{"href":"https:\/\/redebeneditina.org.br\/ispx\/wp-json\/wp\/v2\/posts\/53522","targetHints":{"allow":["GET"]}}],"collection":[{"href":"https:\/\/redebeneditina.org.br\/ispx\/wp-json\/wp\/v2\/posts"}],"about":[{"href":"https:\/\/redebeneditina.org.br\/ispx\/wp-json\/wp\/v2\/types\/post"}],"author":[{"embeddable":true,"href":"https:\/\/redebeneditina.org.br\/ispx\/wp-json\/wp\/v2\/users\/2"}],"replies":[{"embeddable":true,"href":"https:\/\/redebeneditina.org.br\/ispx\/wp-json\/wp\/v2\/comments?post=53522"}],"version-history":[{"count":1,"href":"https:\/\/redebeneditina.org.br\/ispx\/wp-json\/wp\/v2\/posts\/53522\/revisions"}],"predecessor-version":[{"id":53538,"href":"https:\/\/redebeneditina.org.br\/ispx\/wp-json\/wp\/v2\/posts\/53522\/revisions\/53538"}],"wp:featuredmedia":[{"embeddable":true,"href":"https:\/\/redebeneditina.org.br\/ispx\/wp-json\/wp\/v2\/media\/53526"}],"wp:attachment":[{"href":"https:\/\/redebeneditina.org.br\/ispx\/wp-json\/wp\/v2\/media?parent=53522"}],"wp:term":[{"taxonomy":"category","embeddable":true,"href":"https:\/\/redebeneditina.org.br\/ispx\/wp-json\/wp\/v2\/categories?post=53522"},{"taxonomy":"post_tag","embeddable":true,"href":"https:\/\/redebeneditina.org.br\/ispx\/wp-json\/wp\/v2\/tags?post=53522"}],"curies":[{"name":"wp","href":"https:\/\/api.w.org\/{rel}","templated":true}]}}