{"id":53539,"date":"2026-04-23T09:40:43","date_gmt":"2026-04-23T12:40:43","guid":{"rendered":"https:\/\/redebeneditina.org.br\/ispx\/?p=53539"},"modified":"2026-04-29T09:42:14","modified_gmt":"2026-04-29T12:42:14","slug":"pequenos-cuidados-grandes-aprendizados-no-maternal-i-e-ii","status":"publish","type":"post","link":"https:\/\/redebeneditina.org.br\/ispx\/pequenos-cuidados-grandes-aprendizados-no-maternal-i-e-ii\/","title":{"rendered":"Pequenos Cuidados, Grandes Aprendizados no Maternal I e II"},"content":{"rendered":"<p>Os alunos do Maternal I e II viveram um momento muito especial ao realizarem uma entrevista com a enfermeira Luciana, aprendendo de forma l\u00fadica sobre cuidados com a higiene e h\u00e1bitos saud\u00e1veis.<\/p>\n<p>A atividade foi desenvolvida conforme a proposta do livro Toni Itiner\u00e1rios, proporcionando novas descobertas e aprendizados significativos!<\/p>\n","protected":false},"excerpt":{"rendered":"<p>Os alunos do Maternal I e II viveram um momento muito especial ao realizarem uma entrevista com a enfermeira Luciana, aprendendo de forma l\u00fadica sobre cuidados com a higiene e h\u00e1bitos saud\u00e1veis. A atividade foi desenvolvida conforme a proposta do livro Toni Itiner\u00e1rios, proporcionando novas descobertas e aprendizados significativos!<\/p>\n","protected":false},"author":2,"featured_media":53540,"comment_status":"closed","ping_status":"closed","sticky":false,"template":"","format":"standard","meta":{"_monsterinsights_skip_tracking":false,"_monsterinsights_sitenote_active":false,"_monsterinsights_sitenote_note":"","_monsterinsights_sitenote_category":0,"ngg_post_thumbnail":0,"footnotes":""},"categories":[114,88,82],"tags":[],"class_list":["post-53539","post","type-post","status-publish","format-standard","has-post-thumbnail","hentry","category-noticias-ano2026","category-ed-infantil","category-noticias"],"_links":{"self":[{"href":"https:\/\/redebeneditina.org.br\/ispx\/wp-json\/wp\/v2\/posts\/53539","targetHints":{"allow":["GET"]}}],"collection":[{"href":"https:\/\/redebeneditina.org.br\/ispx\/wp-json\/wp\/v2\/posts"}],"about":[{"href":"https:\/\/redebeneditina.org.br\/ispx\/wp-json\/wp\/v2\/types\/post"}],"author":[{"embeddable":true,"href":"https:\/\/redebeneditina.org.br\/ispx\/wp-json\/wp\/v2\/users\/2"}],"replies":[{"embeddable":true,"href":"https:\/\/redebeneditina.org.br\/ispx\/wp-json\/wp\/v2\/comments?post=53539"}],"version-history":[{"count":1,"href":"https:\/\/redebeneditina.org.br\/ispx\/wp-json\/wp\/v2\/posts\/53539\/revisions"}],"predecessor-version":[{"id":53541,"href":"https:\/\/redebeneditina.org.br\/ispx\/wp-json\/wp\/v2\/posts\/53539\/revisions\/53541"}],"wp:featuredmedia":[{"embeddable":true,"href":"https:\/\/redebeneditina.org.br\/ispx\/wp-json\/wp\/v2\/media\/53540"}],"wp:attachment":[{"href":"https:\/\/redebeneditina.org.br\/ispx\/wp-json\/wp\/v2\/media?parent=53539"}],"wp:term":[{"taxonomy":"category","embeddable":true,"href":"https:\/\/redebeneditina.org.br\/ispx\/wp-json\/wp\/v2\/categories?post=53539"},{"taxonomy":"post_tag","embeddable":true,"href":"https:\/\/redebeneditina.org.br\/ispx\/wp-json\/wp\/v2\/tags?post=53539"}],"curies":[{"name":"wp","href":"https:\/\/api.w.org\/{rel}","templated":true}]}}