{"id":53545,"date":"2026-04-28T09:44:46","date_gmt":"2026-04-28T12:44:46","guid":{"rendered":"https:\/\/redebeneditina.org.br\/ispx\/?p=53545"},"modified":"2026-04-29T09:47:30","modified_gmt":"2026-04-29T12:47:30","slug":"2o-ano-a-brilha-no-sarau-literario-com-historias-que-constroem-identidades","status":"publish","type":"post","link":"https:\/\/redebeneditina.org.br\/ispx\/2o-ano-a-brilha-no-sarau-literario-com-historias-que-constroem-identidades\/","title":{"rendered":"2\u00ba Ano A brilha no Sarau Liter\u00e1rio com hist\u00f3rias que constroem identidades"},"content":{"rendered":"<p>Os alunos do 2\u00ba ano A brilharam no Sarau Liter\u00e1rio com a apresenta\u00e7\u00e3o&nbsp;<i>\u201cDescobrindo a si mesmo: hist\u00f3rias que constroem identidades\u201d<\/i>.<\/p>\nngg_shortcode_0_placeholder\n","protected":false},"excerpt":{"rendered":"<p>Os alunos do 2\u00ba ano A brilharam no Sarau Liter\u00e1rio com a apresenta\u00e7\u00e3o&nbsp;\u201cDescobrindo a si mesmo: hist\u00f3rias que constroem identidades\u201d.<\/p>\n","protected":false},"author":2,"featured_media":53546,"comment_status":"closed","ping_status":"closed","sticky":false,"template":"","format":"standard","meta":{"_monsterinsights_skip_tracking":false,"_monsterinsights_sitenote_active":false,"_monsterinsights_sitenote_note":"","_monsterinsights_sitenote_category":0,"ngg_post_thumbnail":0,"footnotes":""},"categories":[114,89,82],"tags":[],"class_list":["post-53545","post","type-post","status-publish","format-standard","has-post-thumbnail","hentry","category-noticias-ano2026","category-ens-fund_i","category-noticias"],"_links":{"self":[{"href":"https:\/\/redebeneditina.org.br\/ispx\/wp-json\/wp\/v2\/posts\/53545","targetHints":{"allow":["GET"]}}],"collection":[{"href":"https:\/\/redebeneditina.org.br\/ispx\/wp-json\/wp\/v2\/posts"}],"about":[{"href":"https:\/\/redebeneditina.org.br\/ispx\/wp-json\/wp\/v2\/types\/post"}],"author":[{"embeddable":true,"href":"https:\/\/redebeneditina.org.br\/ispx\/wp-json\/wp\/v2\/users\/2"}],"replies":[{"embeddable":true,"href":"https:\/\/redebeneditina.org.br\/ispx\/wp-json\/wp\/v2\/comments?post=53545"}],"version-history":[{"count":1,"href":"https:\/\/redebeneditina.org.br\/ispx\/wp-json\/wp\/v2\/posts\/53545\/revisions"}],"predecessor-version":[{"id":53557,"href":"https:\/\/redebeneditina.org.br\/ispx\/wp-json\/wp\/v2\/posts\/53545\/revisions\/53557"}],"wp:featuredmedia":[{"embeddable":true,"href":"https:\/\/redebeneditina.org.br\/ispx\/wp-json\/wp\/v2\/media\/53546"}],"wp:attachment":[{"href":"https:\/\/redebeneditina.org.br\/ispx\/wp-json\/wp\/v2\/media?parent=53545"}],"wp:term":[{"taxonomy":"category","embeddable":true,"href":"https:\/\/redebeneditina.org.br\/ispx\/wp-json\/wp\/v2\/categories?post=53545"},{"taxonomy":"post_tag","embeddable":true,"href":"https:\/\/redebeneditina.org.br\/ispx\/wp-json\/wp\/v2\/tags?post=53545"}],"curies":[{"name":"wp","href":"https:\/\/api.w.org\/{rel}","templated":true}]}}