{"id":13665,"date":"2023-06-07T16:44:50","date_gmt":"2023-06-07T16:44:50","guid":{"rendered":"https:\/\/redebeneditina.org.br\/pioxi\/?p=13665"},"modified":"2023-06-13T20:02:12","modified_gmt":"2023-06-13T20:02:12","slug":"redacao-no-enem-2023-pio-xi","status":"publish","type":"post","link":"https:\/\/redebeneditina.org.br\/pioxi\/redacao-no-enem-2023-pio-xi\/","title":{"rendered":"Reda\u00e7\u00e3o no Enem 2023 &#8211; Pio XI"},"content":{"rendered":"<p>Parab\u00e9ns aos nossos alunos aprovados!<\/p>\nngg_shortcode_0_placeholder\n","protected":false},"excerpt":{"rendered":"<p>Parab\u00e9ns aos nossos alunos aprovados! &nbsp;<\/p>\n","protected":false},"author":4,"featured_media":0,"comment_status":"closed","ping_status":"closed","sticky":false,"template":"","format":"standard","meta":{"_monsterinsights_skip_tracking":false,"_monsterinsights_sitenote_active":false,"_monsterinsights_sitenote_note":"","_monsterinsights_sitenote_category":0,"ngg_post_thumbnail":0,"footnotes":""},"categories":[84,91,82],"tags":[],"class_list":["post-13665","post","type-post","status-publish","format-standard","hentry","category-ano-2023","category-ens-medio","category-noticias"],"_links":{"self":[{"href":"https:\/\/redebeneditina.org.br\/pioxi\/wp-json\/wp\/v2\/posts\/13665","targetHints":{"allow":["GET"]}}],"collection":[{"href":"https:\/\/redebeneditina.org.br\/pioxi\/wp-json\/wp\/v2\/posts"}],"about":[{"href":"https:\/\/redebeneditina.org.br\/pioxi\/wp-json\/wp\/v2\/types\/post"}],"author":[{"embeddable":true,"href":"https:\/\/redebeneditina.org.br\/pioxi\/wp-json\/wp\/v2\/users\/4"}],"replies":[{"embeddable":true,"href":"https:\/\/redebeneditina.org.br\/pioxi\/wp-json\/wp\/v2\/comments?post=13665"}],"version-history":[{"count":0,"href":"https:\/\/redebeneditina.org.br\/pioxi\/wp-json\/wp\/v2\/posts\/13665\/revisions"}],"wp:attachment":[{"href":"https:\/\/redebeneditina.org.br\/pioxi\/wp-json\/wp\/v2\/media?parent=13665"}],"wp:term":[{"taxonomy":"category","embeddable":true,"href":"https:\/\/redebeneditina.org.br\/pioxi\/wp-json\/wp\/v2\/categories?post=13665"},{"taxonomy":"post_tag","embeddable":true,"href":"https:\/\/redebeneditina.org.br\/pioxi\/wp-json\/wp\/v2\/tags?post=13665"}],"curies":[{"name":"wp","href":"https:\/\/api.w.org\/{rel}","templated":true}]}}