{"id":13679,"date":"2023-06-07T20:17:38","date_gmt":"2023-06-07T20:17:38","guid":{"rendered":"https:\/\/redebeneditina.org.br\/pioxi\/?p=13679"},"modified":"2023-06-13T20:01:41","modified_gmt":"2023-06-13T20:01:41","slug":"3-intergeracoes-pio-xi-86-anos","status":"publish","type":"post","link":"https:\/\/redebeneditina.org.br\/pioxi\/3-intergeracoes-pio-xi-86-anos\/","title":{"rendered":"3\u00b0 Intergera\u00e7\u00f5es Pio XI 86 anos"},"content":{"rendered":"<p>Sempre com a miss\u00e3o de Acolher, Assistir e Educar, realizamos no \u00faltimo dia 26 de mar\u00e7o, em nosso Gin\u00e1sio Esportivo S\u00e3o Jos\u00e9, o 3\u00b0 Intergera\u00e7\u00f5es Pio XI 86 anos.<\/p>\n<p>Reunimos mais de 150 ex-alunos, ex-atletas de handebol e basquetebol de nossa Institui\u00e7\u00e3o, para a disputa do torneio dessas duas modalidades esportivas mais vitoriosas de nossa escola.<\/p>\n<p>O evento consistiu em equipes divididas por gera\u00e7\u00f5es, que jogam entre si, tendo ex-alunos nascidos desde 1976 at\u00e9 2005.<\/p>\n<p>Foi um dia de muita nostalgia e emo\u00e7\u00e3o.<\/p>\n<p>O reencontro com nossos ex-atletas sempre nos traz excelentes lembran\u00e7as dos momentos vividos por eles em nossa Escola.<\/p>\n<p>Se voc\u00ea \u00e9 atleta ou ex-atleta da nossa escola, deixe aqui o seu coment\u00e1rio.<\/p>\n<p>Confira as fotos:<\/p>\nngg_shortcode_0_placeholder\n","protected":false},"excerpt":{"rendered":"<p>Sempre com a miss\u00e3o de Acolher, Assistir e Educar, realizamos no \u00faltimo dia 26 de mar\u00e7o, em nosso Gin\u00e1sio Esportivo S\u00e3o Jos\u00e9, o 3\u00b0 Intergera\u00e7\u00f5es Pio XI 86 anos. Reunimos mais de 150 ex-alunos, ex-atletas de handebol e basquetebol de nossa Institui\u00e7\u00e3o, para a disputa do torneio dessas duas modalidades esportivas mais vitoriosas de nossa&#8230;<\/p>\n","protected":false},"author":4,"featured_media":13680,"comment_status":"closed","ping_status":"closed","sticky":false,"template":"","format":"standard","meta":{"_monsterinsights_skip_tracking":false,"_monsterinsights_sitenote_active":false,"_monsterinsights_sitenote_note":"","_monsterinsights_sitenote_category":0,"ngg_post_thumbnail":0,"footnotes":""},"categories":[84,82],"tags":[],"class_list":["post-13679","post","type-post","status-publish","format-standard","has-post-thumbnail","hentry","category-ano-2023","category-noticias"],"_links":{"self":[{"href":"https:\/\/redebeneditina.org.br\/pioxi\/wp-json\/wp\/v2\/posts\/13679","targetHints":{"allow":["GET"]}}],"collection":[{"href":"https:\/\/redebeneditina.org.br\/pioxi\/wp-json\/wp\/v2\/posts"}],"about":[{"href":"https:\/\/redebeneditina.org.br\/pioxi\/wp-json\/wp\/v2\/types\/post"}],"author":[{"embeddable":true,"href":"https:\/\/redebeneditina.org.br\/pioxi\/wp-json\/wp\/v2\/users\/4"}],"replies":[{"embeddable":true,"href":"https:\/\/redebeneditina.org.br\/pioxi\/wp-json\/wp\/v2\/comments?post=13679"}],"version-history":[{"count":0,"href":"https:\/\/redebeneditina.org.br\/pioxi\/wp-json\/wp\/v2\/posts\/13679\/revisions"}],"wp:featuredmedia":[{"embeddable":true,"href":"https:\/\/redebeneditina.org.br\/pioxi\/wp-json\/wp\/v2\/media\/13680"}],"wp:attachment":[{"href":"https:\/\/redebeneditina.org.br\/pioxi\/wp-json\/wp\/v2\/media?parent=13679"}],"wp:term":[{"taxonomy":"category","embeddable":true,"href":"https:\/\/redebeneditina.org.br\/pioxi\/wp-json\/wp\/v2\/categories?post=13679"},{"taxonomy":"post_tag","embeddable":true,"href":"https:\/\/redebeneditina.org.br\/pioxi\/wp-json\/wp\/v2\/tags?post=13679"}],"curies":[{"name":"wp","href":"https:\/\/api.w.org\/{rel}","templated":true}]}}