{"id":13691,"date":"2023-06-07T21:55:15","date_gmt":"2023-06-07T21:55:15","guid":{"rendered":"https:\/\/redebeneditina.org.br\/pioxi\/?p=13691"},"modified":"2023-06-13T20:01:15","modified_gmt":"2023-06-13T20:01:15","slug":"aprender-brincando-1o-ano","status":"publish","type":"post","link":"https:\/\/redebeneditina.org.br\/pioxi\/aprender-brincando-1o-ano\/","title":{"rendered":"Aprender brincando &#8211; 1\u00ba ano"},"content":{"rendered":"<p>Nos lan\u00e7amentos das consoantes, a turma do PRIMEIRO ANO, orientada pela professora Fl\u00e1via, colocou a m\u00e3o na massa produzindo: a M\u00e3o M\u00e1gica da consoante M; brincou com o domin\u00f3 da consoante D e fez a constru\u00e7\u00e3o da casa de palavras com a consoante C.<\/p>\n<p>Aprender brincando \u00e9 aprender com alegria!!!<\/p>\n<p>Confira as fotos:<\/p>\nngg_shortcode_0_placeholder\n","protected":false},"excerpt":{"rendered":"<p>Nos lan\u00e7amentos das consoantes, a turma do PRIMEIRO ANO, orientada pela professora Fl\u00e1via, colocou a m\u00e3o na massa produzindo: a M\u00e3o M\u00e1gica da consoante M; brincou com o domin\u00f3 da consoante D e fez a constru\u00e7\u00e3o da casa de palavras com a consoante C. Aprender brincando \u00e9 aprender com alegria!!! Confira as fotos:<\/p>\n","protected":false},"author":4,"featured_media":13692,"comment_status":"closed","ping_status":"closed","sticky":false,"template":"","format":"standard","meta":{"_monsterinsights_skip_tracking":false,"_monsterinsights_sitenote_active":false,"_monsterinsights_sitenote_note":"","_monsterinsights_sitenote_category":0,"ngg_post_thumbnail":0,"footnotes":""},"categories":[84,89,82],"tags":[],"class_list":["post-13691","post","type-post","status-publish","format-standard","has-post-thumbnail","hentry","category-ano-2023","category-ens-fund_i","category-noticias"],"_links":{"self":[{"href":"https:\/\/redebeneditina.org.br\/pioxi\/wp-json\/wp\/v2\/posts\/13691","targetHints":{"allow":["GET"]}}],"collection":[{"href":"https:\/\/redebeneditina.org.br\/pioxi\/wp-json\/wp\/v2\/posts"}],"about":[{"href":"https:\/\/redebeneditina.org.br\/pioxi\/wp-json\/wp\/v2\/types\/post"}],"author":[{"embeddable":true,"href":"https:\/\/redebeneditina.org.br\/pioxi\/wp-json\/wp\/v2\/users\/4"}],"replies":[{"embeddable":true,"href":"https:\/\/redebeneditina.org.br\/pioxi\/wp-json\/wp\/v2\/comments?post=13691"}],"version-history":[{"count":0,"href":"https:\/\/redebeneditina.org.br\/pioxi\/wp-json\/wp\/v2\/posts\/13691\/revisions"}],"wp:featuredmedia":[{"embeddable":true,"href":"https:\/\/redebeneditina.org.br\/pioxi\/wp-json\/wp\/v2\/media\/13692"}],"wp:attachment":[{"href":"https:\/\/redebeneditina.org.br\/pioxi\/wp-json\/wp\/v2\/media?parent=13691"}],"wp:term":[{"taxonomy":"category","embeddable":true,"href":"https:\/\/redebeneditina.org.br\/pioxi\/wp-json\/wp\/v2\/categories?post=13691"},{"taxonomy":"post_tag","embeddable":true,"href":"https:\/\/redebeneditina.org.br\/pioxi\/wp-json\/wp\/v2\/tags?post=13691"}],"curies":[{"name":"wp","href":"https:\/\/api.w.org\/{rel}","templated":true}]}}