{"id":13697,"date":"2023-06-07T22:11:19","date_gmt":"2023-06-07T22:11:19","guid":{"rendered":"https:\/\/redebeneditina.org.br\/pioxi\/?p=13697"},"modified":"2023-06-13T20:01:02","modified_gmt":"2023-06-13T20:01:02","slug":"bullying-nao-e-brincadeira-2o-ano","status":"publish","type":"post","link":"https:\/\/redebeneditina.org.br\/pioxi\/bullying-nao-e-brincadeira-2o-ano\/","title":{"rendered":"Bullying n\u00e3o \u00e9 brincadeira &#8211; 2\u00ba ano"},"content":{"rendered":"<p>As turmas do 2\u00ba Ano aprenderam, atrav\u00e9s de uma roda de conversa e de maneira l\u00fadica, que: &#8220;Ser diferente \u00e9 normal&#8221; e que o &#8220;Bullying&#8221; n\u00e3o \u00e9 brincadeira.<\/p>\n<p>Confira as fotos:<\/p>\nngg_shortcode_0_placeholder\n","protected":false},"excerpt":{"rendered":"<p>As turmas do 2\u00ba Ano aprenderam, atrav\u00e9s de uma roda de conversa e de maneira l\u00fadica, que: &#8220;Ser diferente \u00e9 normal&#8221; e que o &#8220;Bullying&#8221; n\u00e3o \u00e9 brincadeira. Confira as fotos:<\/p>\n","protected":false},"author":4,"featured_media":13698,"comment_status":"closed","ping_status":"closed","sticky":false,"template":"","format":"standard","meta":{"_monsterinsights_skip_tracking":false,"_monsterinsights_sitenote_active":false,"_monsterinsights_sitenote_note":"","_monsterinsights_sitenote_category":0,"ngg_post_thumbnail":0,"footnotes":""},"categories":[84,89,82],"tags":[],"class_list":["post-13697","post","type-post","status-publish","format-standard","has-post-thumbnail","hentry","category-ano-2023","category-ens-fund_i","category-noticias"],"_links":{"self":[{"href":"https:\/\/redebeneditina.org.br\/pioxi\/wp-json\/wp\/v2\/posts\/13697","targetHints":{"allow":["GET"]}}],"collection":[{"href":"https:\/\/redebeneditina.org.br\/pioxi\/wp-json\/wp\/v2\/posts"}],"about":[{"href":"https:\/\/redebeneditina.org.br\/pioxi\/wp-json\/wp\/v2\/types\/post"}],"author":[{"embeddable":true,"href":"https:\/\/redebeneditina.org.br\/pioxi\/wp-json\/wp\/v2\/users\/4"}],"replies":[{"embeddable":true,"href":"https:\/\/redebeneditina.org.br\/pioxi\/wp-json\/wp\/v2\/comments?post=13697"}],"version-history":[{"count":0,"href":"https:\/\/redebeneditina.org.br\/pioxi\/wp-json\/wp\/v2\/posts\/13697\/revisions"}],"wp:featuredmedia":[{"embeddable":true,"href":"https:\/\/redebeneditina.org.br\/pioxi\/wp-json\/wp\/v2\/media\/13698"}],"wp:attachment":[{"href":"https:\/\/redebeneditina.org.br\/pioxi\/wp-json\/wp\/v2\/media?parent=13697"}],"wp:term":[{"taxonomy":"category","embeddable":true,"href":"https:\/\/redebeneditina.org.br\/pioxi\/wp-json\/wp\/v2\/categories?post=13697"},{"taxonomy":"post_tag","embeddable":true,"href":"https:\/\/redebeneditina.org.br\/pioxi\/wp-json\/wp\/v2\/tags?post=13697"}],"curies":[{"name":"wp","href":"https:\/\/api.w.org\/{rel}","templated":true}]}}