{"id":13700,"date":"2023-06-07T22:16:23","date_gmt":"2023-06-07T22:16:23","guid":{"rendered":"https:\/\/redebeneditina.org.br\/pioxi\/?p=13700"},"modified":"2023-06-13T20:00:57","modified_gmt":"2023-06-13T20:00:57","slug":"bullying-nao-e-brincadeira-pre-1","status":"publish","type":"post","link":"https:\/\/redebeneditina.org.br\/pioxi\/bullying-nao-e-brincadeira-pre-1\/","title":{"rendered":"Bullying n\u00e3o \u00e9 brincadeira &#8211; Pr\u00e9 1"},"content":{"rendered":"<p>A turma do Pr\u00e9 1, orientada pela professora Carla, conversou sobre a tem\u00e1tica bullying e, atrav\u00e9s de hist\u00f3ria e m\u00fasica, as crian\u00e7as perceberam que algumas atitudes n\u00e3o s\u00e3o legais. Bullying na escola,t\u00f4 fora! Divertido \u00e9 sermos amigos.<\/p>\n<p>Confira as fotos:<\/p>\nngg_shortcode_0_placeholder\n","protected":false},"excerpt":{"rendered":"<p>A turma do Pr\u00e9 1, orientada pela professora Carla, conversou sobre a tem\u00e1tica bullying e, atrav\u00e9s de hist\u00f3ria e m\u00fasica, as crian\u00e7as perceberam que algumas atitudes n\u00e3o s\u00e3o legais. Bullying na escola,t\u00f4 fora! Divertido \u00e9 sermos amigos. Confira as fotos:<\/p>\n","protected":false},"author":4,"featured_media":13701,"comment_status":"closed","ping_status":"closed","sticky":false,"template":"","format":"standard","meta":{"_monsterinsights_skip_tracking":false,"_monsterinsights_sitenote_active":false,"_monsterinsights_sitenote_note":"","_monsterinsights_sitenote_category":0,"ngg_post_thumbnail":0,"footnotes":""},"categories":[84,88,82],"tags":[],"class_list":["post-13700","post","type-post","status-publish","format-standard","has-post-thumbnail","hentry","category-ano-2023","category-ed-infantil","category-noticias"],"_links":{"self":[{"href":"https:\/\/redebeneditina.org.br\/pioxi\/wp-json\/wp\/v2\/posts\/13700","targetHints":{"allow":["GET"]}}],"collection":[{"href":"https:\/\/redebeneditina.org.br\/pioxi\/wp-json\/wp\/v2\/posts"}],"about":[{"href":"https:\/\/redebeneditina.org.br\/pioxi\/wp-json\/wp\/v2\/types\/post"}],"author":[{"embeddable":true,"href":"https:\/\/redebeneditina.org.br\/pioxi\/wp-json\/wp\/v2\/users\/4"}],"replies":[{"embeddable":true,"href":"https:\/\/redebeneditina.org.br\/pioxi\/wp-json\/wp\/v2\/comments?post=13700"}],"version-history":[{"count":0,"href":"https:\/\/redebeneditina.org.br\/pioxi\/wp-json\/wp\/v2\/posts\/13700\/revisions"}],"wp:featuredmedia":[{"embeddable":true,"href":"https:\/\/redebeneditina.org.br\/pioxi\/wp-json\/wp\/v2\/media\/13701"}],"wp:attachment":[{"href":"https:\/\/redebeneditina.org.br\/pioxi\/wp-json\/wp\/v2\/media?parent=13700"}],"wp:term":[{"taxonomy":"category","embeddable":true,"href":"https:\/\/redebeneditina.org.br\/pioxi\/wp-json\/wp\/v2\/categories?post=13700"},{"taxonomy":"post_tag","embeddable":true,"href":"https:\/\/redebeneditina.org.br\/pioxi\/wp-json\/wp\/v2\/tags?post=13700"}],"curies":[{"name":"wp","href":"https:\/\/api.w.org\/{rel}","templated":true}]}}