{"id":13703,"date":"2023-06-07T22:19:28","date_gmt":"2023-06-07T22:19:28","guid":{"rendered":"https:\/\/redebeneditina.org.br\/pioxi\/?p=13703"},"modified":"2023-06-13T20:00:51","modified_gmt":"2023-06-13T20:00:51","slug":"bullying-nao-e-brincadeira-pre-2","status":"publish","type":"post","link":"https:\/\/redebeneditina.org.br\/pioxi\/bullying-nao-e-brincadeira-pre-2\/","title":{"rendered":"Bullying n\u00e3o \u00e9 brincadeira &#8211; Pr\u00e9 2"},"content":{"rendered":"<p>Os alunos do Pr\u00e9 2, orientados pelas professora Gabriella, aprenderam que \u201cBullying n\u00e3o \u00e9 brincadeira!\u201d. Atrav\u00e9s de m\u00fasicas e hist\u00f3rias, os alunos se uniram para combater o bullying.<\/p>\n<p>&nbsp;<\/p>\n","protected":false},"excerpt":{"rendered":"<p>Os alunos do Pr\u00e9 2, orientados pelas professora Gabriella, aprenderam que \u201cBullying n\u00e3o \u00e9 brincadeira!\u201d. Atrav\u00e9s de m\u00fasicas e hist\u00f3rias, os alunos se uniram para combater o bullying. &nbsp;<\/p>\n","protected":false},"author":4,"featured_media":13704,"comment_status":"closed","ping_status":"closed","sticky":false,"template":"","format":"standard","meta":{"_monsterinsights_skip_tracking":false,"_monsterinsights_sitenote_active":false,"_monsterinsights_sitenote_note":"","_monsterinsights_sitenote_category":0,"ngg_post_thumbnail":0,"footnotes":""},"categories":[84,88,82],"tags":[],"class_list":["post-13703","post","type-post","status-publish","format-standard","has-post-thumbnail","hentry","category-ano-2023","category-ed-infantil","category-noticias"],"_links":{"self":[{"href":"https:\/\/redebeneditina.org.br\/pioxi\/wp-json\/wp\/v2\/posts\/13703","targetHints":{"allow":["GET"]}}],"collection":[{"href":"https:\/\/redebeneditina.org.br\/pioxi\/wp-json\/wp\/v2\/posts"}],"about":[{"href":"https:\/\/redebeneditina.org.br\/pioxi\/wp-json\/wp\/v2\/types\/post"}],"author":[{"embeddable":true,"href":"https:\/\/redebeneditina.org.br\/pioxi\/wp-json\/wp\/v2\/users\/4"}],"replies":[{"embeddable":true,"href":"https:\/\/redebeneditina.org.br\/pioxi\/wp-json\/wp\/v2\/comments?post=13703"}],"version-history":[{"count":0,"href":"https:\/\/redebeneditina.org.br\/pioxi\/wp-json\/wp\/v2\/posts\/13703\/revisions"}],"wp:featuredmedia":[{"embeddable":true,"href":"https:\/\/redebeneditina.org.br\/pioxi\/wp-json\/wp\/v2\/media\/13704"}],"wp:attachment":[{"href":"https:\/\/redebeneditina.org.br\/pioxi\/wp-json\/wp\/v2\/media?parent=13703"}],"wp:term":[{"taxonomy":"category","embeddable":true,"href":"https:\/\/redebeneditina.org.br\/pioxi\/wp-json\/wp\/v2\/categories?post=13703"},{"taxonomy":"post_tag","embeddable":true,"href":"https:\/\/redebeneditina.org.br\/pioxi\/wp-json\/wp\/v2\/tags?post=13703"}],"curies":[{"name":"wp","href":"https:\/\/api.w.org\/{rel}","templated":true}]}}