{"id":13715,"date":"2023-06-03T22:32:02","date_gmt":"2023-06-03T22:32:02","guid":{"rendered":"https:\/\/redebeneditina.org.br\/pioxi\/?p=13715"},"modified":"2023-06-20T21:25:45","modified_gmt":"2023-06-20T21:25:45","slug":"campanha-da-fraternidade-2023-fraternidade-e-fome","status":"publish","type":"post","link":"https:\/\/redebeneditina.org.br\/pioxi\/campanha-da-fraternidade-2023-fraternidade-e-fome\/","title":{"rendered":"Campanha da Fraternidade 2023: Fraternidade e Fome"},"content":{"rendered":"<p>No dia 7 de mar\u00e7o, o Instituto Pio XI realizou a abertura da Campanha da Fraternidade 2023, chamando a aten\u00e7\u00e3o dos alunos para o fato de que a fome \u00e9 real e atinge cerca de 33,1 milh\u00f5es de pessoas no Brasil.<\/p>\n<p>Ningu\u00e9m deve sofrer com a fome quando realmente vivemos como irm\u00e3os e irm\u00e3s. Eis o convite: \u201cDai-lhes v\u00f3s mesmos de comer\u201d (Mt 14,16). O trabalho foi realizado pela Pastoral Escolar.<\/p>\n<p>Confira as fotos:<\/p>\nngg_shortcode_0_placeholder\n","protected":false},"excerpt":{"rendered":"<p>No dia 7 de mar\u00e7o, o Instituto Pio XI realizou a abertura da Campanha da Fraternidade 2023, chamando a aten\u00e7\u00e3o dos alunos para o fato de que a fome \u00e9 real e atinge cerca de 33,1 milh\u00f5es de pessoas no Brasil. Ningu\u00e9m deve sofrer com a fome quando realmente vivemos como irm\u00e3os e irm\u00e3s. Eis&#8230;<\/p>\n","protected":false},"author":4,"featured_media":13716,"comment_status":"closed","ping_status":"closed","sticky":false,"template":"","format":"standard","meta":{"_monsterinsights_skip_tracking":false,"_monsterinsights_sitenote_active":false,"_monsterinsights_sitenote_note":"","_monsterinsights_sitenote_category":0,"ngg_post_thumbnail":0,"footnotes":""},"categories":[84,88,89,90,91,82,95],"tags":[],"class_list":["post-13715","post","type-post","status-publish","format-standard","has-post-thumbnail","hentry","category-ano-2023","category-ed-infantil","category-ens-fund_i","category-ens-fund_ii","category-ens-medio","category-noticias","category-pastoral-escolar"],"_links":{"self":[{"href":"https:\/\/redebeneditina.org.br\/pioxi\/wp-json\/wp\/v2\/posts\/13715","targetHints":{"allow":["GET"]}}],"collection":[{"href":"https:\/\/redebeneditina.org.br\/pioxi\/wp-json\/wp\/v2\/posts"}],"about":[{"href":"https:\/\/redebeneditina.org.br\/pioxi\/wp-json\/wp\/v2\/types\/post"}],"author":[{"embeddable":true,"href":"https:\/\/redebeneditina.org.br\/pioxi\/wp-json\/wp\/v2\/users\/4"}],"replies":[{"embeddable":true,"href":"https:\/\/redebeneditina.org.br\/pioxi\/wp-json\/wp\/v2\/comments?post=13715"}],"version-history":[{"count":0,"href":"https:\/\/redebeneditina.org.br\/pioxi\/wp-json\/wp\/v2\/posts\/13715\/revisions"}],"wp:featuredmedia":[{"embeddable":true,"href":"https:\/\/redebeneditina.org.br\/pioxi\/wp-json\/wp\/v2\/media\/13716"}],"wp:attachment":[{"href":"https:\/\/redebeneditina.org.br\/pioxi\/wp-json\/wp\/v2\/media?parent=13715"}],"wp:term":[{"taxonomy":"category","embeddable":true,"href":"https:\/\/redebeneditina.org.br\/pioxi\/wp-json\/wp\/v2\/categories?post=13715"},{"taxonomy":"post_tag","embeddable":true,"href":"https:\/\/redebeneditina.org.br\/pioxi\/wp-json\/wp\/v2\/tags?post=13715"}],"curies":[{"name":"wp","href":"https:\/\/api.w.org\/{rel}","templated":true}]}}