{"id":13723,"date":"2023-06-07T22:42:21","date_gmt":"2023-06-07T22:42:21","guid":{"rendered":"https:\/\/redebeneditina.org.br\/pioxi\/?p=13723"},"modified":"2023-06-13T20:00:17","modified_gmt":"2023-06-13T20:00:17","slug":"capelinha-ef1a","status":"publish","type":"post","link":"https:\/\/redebeneditina.org.br\/pioxi\/capelinha-ef1a\/","title":{"rendered":"Capelinha &#8211; EF1A"},"content":{"rendered":"<p>O sorteio da Capelinha \u00e9 um momento muito aguardado por nossos alunos.<\/p>\n<p>Nesta segunda-feira, a leitura da ora\u00e7\u00e3o das Fundadoras foi feita pela professora Ana Beatriz, aniversariante do dia.<\/p>\n<p>A turma sorteada para receber a Capelinha foi a EF1A.<\/p>\n<p>Que tenhamos uma semana aben\u00e7oada!<\/p>\n<p>&nbsp;<\/p>\n<p><img fetchpriority=\"high\" decoding=\"async\" class=\"alignnone wp-image-13727 size-full\" src=\"https:\/\/redebeneditina.org.br\/pioxi\/wp-content\/uploads\/2023\/06\/Capelinha_EF-1A_1.jpg\" alt=\"\" width=\"900\" height=\"1600\" srcset=\"https:\/\/redebeneditina.org.br\/pioxi\/wp-content\/uploads\/2023\/06\/Capelinha_EF-1A_1.jpg 900w, https:\/\/redebeneditina.org.br\/pioxi\/wp-content\/uploads\/2023\/06\/Capelinha_EF-1A_1-169x300.jpg 169w, https:\/\/redebeneditina.org.br\/pioxi\/wp-content\/uploads\/2023\/06\/Capelinha_EF-1A_1-576x1024.jpg 576w, https:\/\/redebeneditina.org.br\/pioxi\/wp-content\/uploads\/2023\/06\/Capelinha_EF-1A_1-768x1365.jpg 768w, https:\/\/redebeneditina.org.br\/pioxi\/wp-content\/uploads\/2023\/06\/Capelinha_EF-1A_1-864x1536.jpg 864w\" sizes=\"(max-width: 900px) 100vw, 900px\" \/><\/p>\n","protected":false},"excerpt":{"rendered":"<p>O sorteio da Capelinha \u00e9 um momento muito aguardado por nossos alunos. Nesta segunda-feira, a leitura da ora\u00e7\u00e3o das Fundadoras foi feita pela professora Ana Beatriz, aniversariante do dia. A turma sorteada para receber a Capelinha foi a EF1A. Que tenhamos uma semana aben\u00e7oada! &nbsp;<\/p>\n","protected":false},"author":4,"featured_media":13724,"comment_status":"closed","ping_status":"closed","sticky":false,"template":"","format":"standard","meta":{"_monsterinsights_skip_tracking":false,"_monsterinsights_sitenote_active":false,"_monsterinsights_sitenote_note":"","_monsterinsights_sitenote_category":0,"ngg_post_thumbnail":0,"footnotes":""},"categories":[84,89,82],"tags":[],"class_list":["post-13723","post","type-post","status-publish","format-standard","has-post-thumbnail","hentry","category-ano-2023","category-ens-fund_i","category-noticias"],"_links":{"self":[{"href":"https:\/\/redebeneditina.org.br\/pioxi\/wp-json\/wp\/v2\/posts\/13723","targetHints":{"allow":["GET"]}}],"collection":[{"href":"https:\/\/redebeneditina.org.br\/pioxi\/wp-json\/wp\/v2\/posts"}],"about":[{"href":"https:\/\/redebeneditina.org.br\/pioxi\/wp-json\/wp\/v2\/types\/post"}],"author":[{"embeddable":true,"href":"https:\/\/redebeneditina.org.br\/pioxi\/wp-json\/wp\/v2\/users\/4"}],"replies":[{"embeddable":true,"href":"https:\/\/redebeneditina.org.br\/pioxi\/wp-json\/wp\/v2\/comments?post=13723"}],"version-history":[{"count":0,"href":"https:\/\/redebeneditina.org.br\/pioxi\/wp-json\/wp\/v2\/posts\/13723\/revisions"}],"wp:featuredmedia":[{"embeddable":true,"href":"https:\/\/redebeneditina.org.br\/pioxi\/wp-json\/wp\/v2\/media\/13724"}],"wp:attachment":[{"href":"https:\/\/redebeneditina.org.br\/pioxi\/wp-json\/wp\/v2\/media?parent=13723"}],"wp:term":[{"taxonomy":"category","embeddable":true,"href":"https:\/\/redebeneditina.org.br\/pioxi\/wp-json\/wp\/v2\/categories?post=13723"},{"taxonomy":"post_tag","embeddable":true,"href":"https:\/\/redebeneditina.org.br\/pioxi\/wp-json\/wp\/v2\/tags?post=13723"}],"curies":[{"name":"wp","href":"https:\/\/api.w.org\/{rel}","templated":true}]}}