{"id":13731,"date":"2023-06-07T22:52:43","date_gmt":"2023-06-07T22:52:43","guid":{"rendered":"https:\/\/redebeneditina.org.br\/pioxi\/?p=13731"},"modified":"2023-06-13T20:00:12","modified_gmt":"2023-06-13T20:00:12","slug":"capelinha-das-fundadoras","status":"publish","type":"post","link":"https:\/\/redebeneditina.org.br\/pioxi\/capelinha-das-fundadoras\/","title":{"rendered":"Capelinha das Fundadoras"},"content":{"rendered":"<p>O sorteio da Capelinha das Fundadoras \u00e9 um momento muito esperado por nossos alunos.<\/p>\n<p>Hoje, a ora\u00e7\u00e3o foi feita pelo aluno Matheus, da turma EF3B.<\/p>\n<p>O sorteio foi feito pela aluna Cec\u00edlia, da turma EF2B.<\/p>\n<p>A turma sorteada foi o Maternal 2.<\/p>\n<p><img fetchpriority=\"high\" decoding=\"async\" class=\"alignnone wp-image-13733 size-large\" src=\"https:\/\/redebeneditina.org.br\/pioxi\/wp-content\/uploads\/2023\/06\/Capelinha_Fundadoras_1-576x1024.jpg\" alt=\"\" width=\"576\" height=\"1024\" srcset=\"https:\/\/redebeneditina.org.br\/pioxi\/wp-content\/uploads\/2023\/06\/Capelinha_Fundadoras_1-576x1024.jpg 576w, https:\/\/redebeneditina.org.br\/pioxi\/wp-content\/uploads\/2023\/06\/Capelinha_Fundadoras_1-169x300.jpg 169w, https:\/\/redebeneditina.org.br\/pioxi\/wp-content\/uploads\/2023\/06\/Capelinha_Fundadoras_1-768x1366.jpg 768w, https:\/\/redebeneditina.org.br\/pioxi\/wp-content\/uploads\/2023\/06\/Capelinha_Fundadoras_1-864x1536.jpg 864w, https:\/\/redebeneditina.org.br\/pioxi\/wp-content\/uploads\/2023\/06\/Capelinha_Fundadoras_1.jpg 899w\" sizes=\"(max-width: 576px) 100vw, 576px\" \/><\/p>\n","protected":false},"excerpt":{"rendered":"<p>O sorteio da Capelinha das Fundadoras \u00e9 um momento muito esperado por nossos alunos. Hoje, a ora\u00e7\u00e3o foi feita pelo aluno Matheus, da turma EF3B. O sorteio foi feito pela aluna Cec\u00edlia, da turma EF2B. A turma sorteada foi o Maternal 2.<\/p>\n","protected":false},"author":4,"featured_media":13732,"comment_status":"closed","ping_status":"closed","sticky":false,"template":"","format":"standard","meta":{"_monsterinsights_skip_tracking":false,"_monsterinsights_sitenote_active":false,"_monsterinsights_sitenote_note":"","_monsterinsights_sitenote_category":0,"ngg_post_thumbnail":0,"footnotes":""},"categories":[84,88,82],"tags":[],"class_list":["post-13731","post","type-post","status-publish","format-standard","has-post-thumbnail","hentry","category-ano-2023","category-ed-infantil","category-noticias"],"_links":{"self":[{"href":"https:\/\/redebeneditina.org.br\/pioxi\/wp-json\/wp\/v2\/posts\/13731","targetHints":{"allow":["GET"]}}],"collection":[{"href":"https:\/\/redebeneditina.org.br\/pioxi\/wp-json\/wp\/v2\/posts"}],"about":[{"href":"https:\/\/redebeneditina.org.br\/pioxi\/wp-json\/wp\/v2\/types\/post"}],"author":[{"embeddable":true,"href":"https:\/\/redebeneditina.org.br\/pioxi\/wp-json\/wp\/v2\/users\/4"}],"replies":[{"embeddable":true,"href":"https:\/\/redebeneditina.org.br\/pioxi\/wp-json\/wp\/v2\/comments?post=13731"}],"version-history":[{"count":0,"href":"https:\/\/redebeneditina.org.br\/pioxi\/wp-json\/wp\/v2\/posts\/13731\/revisions"}],"wp:featuredmedia":[{"embeddable":true,"href":"https:\/\/redebeneditina.org.br\/pioxi\/wp-json\/wp\/v2\/media\/13732"}],"wp:attachment":[{"href":"https:\/\/redebeneditina.org.br\/pioxi\/wp-json\/wp\/v2\/media?parent=13731"}],"wp:term":[{"taxonomy":"category","embeddable":true,"href":"https:\/\/redebeneditina.org.br\/pioxi\/wp-json\/wp\/v2\/categories?post=13731"},{"taxonomy":"post_tag","embeddable":true,"href":"https:\/\/redebeneditina.org.br\/pioxi\/wp-json\/wp\/v2\/tags?post=13731"}],"curies":[{"name":"wp","href":"https:\/\/api.w.org\/{rel}","templated":true}]}}