{"id":13736,"date":"2023-06-07T23:11:25","date_gmt":"2023-06-07T23:11:25","guid":{"rendered":"https:\/\/redebeneditina.org.br\/pioxi\/?p=13736"},"modified":"2023-06-13T20:00:03","modified_gmt":"2023-06-13T20:00:03","slug":"capelinha-das-fundadoras-ef3b-e-ef5b","status":"publish","type":"post","link":"https:\/\/redebeneditina.org.br\/pioxi\/capelinha-das-fundadoras-ef3b-e-ef5b\/","title":{"rendered":"Capelinha das Fundadoras &#8211; EF3B e EF5B"},"content":{"rendered":"<p>O sorteio da Capelinha \u00e9 um momento muito esperado por nossos alunos.<\/p>\n<p><img fetchpriority=\"high\" decoding=\"async\" class=\"alignnone size-full wp-image-13738\" src=\"https:\/\/redebeneditina.org.br\/pioxi\/wp-content\/uploads\/2023\/06\/Capelinha_Fundadoras_EF3B_EF5B_1.jpg\" alt=\"\" width=\"1024\" height=\"576\" srcset=\"https:\/\/redebeneditina.org.br\/pioxi\/wp-content\/uploads\/2023\/06\/Capelinha_Fundadoras_EF3B_EF5B_1.jpg 1024w, https:\/\/redebeneditina.org.br\/pioxi\/wp-content\/uploads\/2023\/06\/Capelinha_Fundadoras_EF3B_EF5B_1-300x169.jpg 300w, https:\/\/redebeneditina.org.br\/pioxi\/wp-content\/uploads\/2023\/06\/Capelinha_Fundadoras_EF3B_EF5B_1-768x432.jpg 768w\" sizes=\"(max-width: 1024px) 100vw, 1024px\" \/><\/p>\n<p>Nesta semana, a ora\u00e7\u00e3o foi feita pelo aluno Gustavo, da turma EF3B e o sorteio foi feito pelo aluno Miguel, da turma EF5B.<\/p>\n<p><img decoding=\"async\" class=\"alignnone size-full wp-image-13739\" src=\"https:\/\/redebeneditina.org.br\/pioxi\/wp-content\/uploads\/2023\/06\/Capelinha_Fundadoras_EF3B_EF5B_2.jpg\" alt=\"\" width=\"1024\" height=\"1077\" srcset=\"https:\/\/redebeneditina.org.br\/pioxi\/wp-content\/uploads\/2023\/06\/Capelinha_Fundadoras_EF3B_EF5B_2.jpg 1024w, https:\/\/redebeneditina.org.br\/pioxi\/wp-content\/uploads\/2023\/06\/Capelinha_Fundadoras_EF3B_EF5B_2-285x300.jpg 285w, https:\/\/redebeneditina.org.br\/pioxi\/wp-content\/uploads\/2023\/06\/Capelinha_Fundadoras_EF3B_EF5B_2-974x1024.jpg 974w, https:\/\/redebeneditina.org.br\/pioxi\/wp-content\/uploads\/2023\/06\/Capelinha_Fundadoras_EF3B_EF5B_2-768x808.jpg 768w\" sizes=\"(max-width: 1024px) 100vw, 1024px\" \/><\/p>\n","protected":false},"excerpt":{"rendered":"<p>O sorteio da Capelinha \u00e9 um momento muito esperado por nossos alunos. Nesta semana, a ora\u00e7\u00e3o foi feita pelo aluno Gustavo, da turma EF3B e o sorteio foi feito pelo aluno Miguel, da turma EF5B.<\/p>\n","protected":false},"author":4,"featured_media":13737,"comment_status":"closed","ping_status":"closed","sticky":false,"template":"","format":"standard","meta":{"_monsterinsights_skip_tracking":false,"_monsterinsights_sitenote_active":false,"_monsterinsights_sitenote_note":"","_monsterinsights_sitenote_category":0,"ngg_post_thumbnail":0,"footnotes":""},"categories":[84,89,82],"tags":[],"class_list":["post-13736","post","type-post","status-publish","format-standard","has-post-thumbnail","hentry","category-ano-2023","category-ens-fund_i","category-noticias"],"_links":{"self":[{"href":"https:\/\/redebeneditina.org.br\/pioxi\/wp-json\/wp\/v2\/posts\/13736","targetHints":{"allow":["GET"]}}],"collection":[{"href":"https:\/\/redebeneditina.org.br\/pioxi\/wp-json\/wp\/v2\/posts"}],"about":[{"href":"https:\/\/redebeneditina.org.br\/pioxi\/wp-json\/wp\/v2\/types\/post"}],"author":[{"embeddable":true,"href":"https:\/\/redebeneditina.org.br\/pioxi\/wp-json\/wp\/v2\/users\/4"}],"replies":[{"embeddable":true,"href":"https:\/\/redebeneditina.org.br\/pioxi\/wp-json\/wp\/v2\/comments?post=13736"}],"version-history":[{"count":0,"href":"https:\/\/redebeneditina.org.br\/pioxi\/wp-json\/wp\/v2\/posts\/13736\/revisions"}],"wp:featuredmedia":[{"embeddable":true,"href":"https:\/\/redebeneditina.org.br\/pioxi\/wp-json\/wp\/v2\/media\/13737"}],"wp:attachment":[{"href":"https:\/\/redebeneditina.org.br\/pioxi\/wp-json\/wp\/v2\/media?parent=13736"}],"wp:term":[{"taxonomy":"category","embeddable":true,"href":"https:\/\/redebeneditina.org.br\/pioxi\/wp-json\/wp\/v2\/categories?post=13736"},{"taxonomy":"post_tag","embeddable":true,"href":"https:\/\/redebeneditina.org.br\/pioxi\/wp-json\/wp\/v2\/tags?post=13736"}],"curies":[{"name":"wp","href":"https:\/\/api.w.org\/{rel}","templated":true}]}}