{"id":13741,"date":"2023-06-07T23:19:27","date_gmt":"2023-06-07T23:19:27","guid":{"rendered":"https:\/\/redebeneditina.org.br\/pioxi\/?p=13741"},"modified":"2023-06-13T19:59:58","modified_gmt":"2023-06-13T19:59:58","slug":"capelinha-das-fundadoras-ef5b","status":"publish","type":"post","link":"https:\/\/redebeneditina.org.br\/pioxi\/capelinha-das-fundadoras-ef5b\/","title":{"rendered":"Capelinha das Fundadoras &#8211; EF5B"},"content":{"rendered":"<p>O sorteio da Capelinha das Fundadoras \u00e9 um momento muito esperado por nossos alunos.<\/p>\n<p><img fetchpriority=\"high\" decoding=\"async\" class=\"alignnone size-full wp-image-13743\" src=\"https:\/\/redebeneditina.org.br\/pioxi\/wp-content\/uploads\/2023\/06\/Capelinha_Fundadoras_EF5B_1.jpg\" alt=\"\" width=\"1024\" height=\"1305\" srcset=\"https:\/\/redebeneditina.org.br\/pioxi\/wp-content\/uploads\/2023\/06\/Capelinha_Fundadoras_EF5B_1.jpg 1024w, https:\/\/redebeneditina.org.br\/pioxi\/wp-content\/uploads\/2023\/06\/Capelinha_Fundadoras_EF5B_1-235x300.jpg 235w, https:\/\/redebeneditina.org.br\/pioxi\/wp-content\/uploads\/2023\/06\/Capelinha_Fundadoras_EF5B_1-804x1024.jpg 804w, https:\/\/redebeneditina.org.br\/pioxi\/wp-content\/uploads\/2023\/06\/Capelinha_Fundadoras_EF5B_1-768x979.jpg 768w\" sizes=\"(max-width: 1024px) 100vw, 1024px\" \/><\/p>\n<p>Hoje, a ora\u00e7\u00e3o foi feita pela aluna Lu\u00edsa, da turma EF5B e a turma sorteada foi o Maternal 1.<\/p>\n<p>Desejamos uma semana aben\u00e7oada para todos.<\/p>\n<p><img decoding=\"async\" class=\"alignnone size-full wp-image-13744\" src=\"https:\/\/redebeneditina.org.br\/pioxi\/wp-content\/uploads\/2023\/06\/Capelinha_Fundadoras_EF5B_2.jpg\" alt=\"\" width=\"1024\" height=\"576\" srcset=\"https:\/\/redebeneditina.org.br\/pioxi\/wp-content\/uploads\/2023\/06\/Capelinha_Fundadoras_EF5B_2.jpg 1024w, https:\/\/redebeneditina.org.br\/pioxi\/wp-content\/uploads\/2023\/06\/Capelinha_Fundadoras_EF5B_2-300x169.jpg 300w, https:\/\/redebeneditina.org.br\/pioxi\/wp-content\/uploads\/2023\/06\/Capelinha_Fundadoras_EF5B_2-768x432.jpg 768w\" sizes=\"(max-width: 1024px) 100vw, 1024px\" \/><\/p>\n","protected":false},"excerpt":{"rendered":"<p>O sorteio da Capelinha das Fundadoras \u00e9 um momento muito esperado por nossos alunos. Hoje, a ora\u00e7\u00e3o foi feita pela aluna Lu\u00edsa, da turma EF5B e a turma sorteada foi o Maternal 1. Desejamos uma semana aben\u00e7oada para todos.<\/p>\n","protected":false},"author":4,"featured_media":13742,"comment_status":"closed","ping_status":"closed","sticky":false,"template":"","format":"standard","meta":{"_monsterinsights_skip_tracking":false,"_monsterinsights_sitenote_active":false,"_monsterinsights_sitenote_note":"","_monsterinsights_sitenote_category":0,"ngg_post_thumbnail":0,"footnotes":""},"categories":[84,88,89,82],"tags":[],"class_list":["post-13741","post","type-post","status-publish","format-standard","has-post-thumbnail","hentry","category-ano-2023","category-ed-infantil","category-ens-fund_i","category-noticias"],"_links":{"self":[{"href":"https:\/\/redebeneditina.org.br\/pioxi\/wp-json\/wp\/v2\/posts\/13741","targetHints":{"allow":["GET"]}}],"collection":[{"href":"https:\/\/redebeneditina.org.br\/pioxi\/wp-json\/wp\/v2\/posts"}],"about":[{"href":"https:\/\/redebeneditina.org.br\/pioxi\/wp-json\/wp\/v2\/types\/post"}],"author":[{"embeddable":true,"href":"https:\/\/redebeneditina.org.br\/pioxi\/wp-json\/wp\/v2\/users\/4"}],"replies":[{"embeddable":true,"href":"https:\/\/redebeneditina.org.br\/pioxi\/wp-json\/wp\/v2\/comments?post=13741"}],"version-history":[{"count":0,"href":"https:\/\/redebeneditina.org.br\/pioxi\/wp-json\/wp\/v2\/posts\/13741\/revisions"}],"wp:featuredmedia":[{"embeddable":true,"href":"https:\/\/redebeneditina.org.br\/pioxi\/wp-json\/wp\/v2\/media\/13742"}],"wp:attachment":[{"href":"https:\/\/redebeneditina.org.br\/pioxi\/wp-json\/wp\/v2\/media?parent=13741"}],"wp:term":[{"taxonomy":"category","embeddable":true,"href":"https:\/\/redebeneditina.org.br\/pioxi\/wp-json\/wp\/v2\/categories?post=13741"},{"taxonomy":"post_tag","embeddable":true,"href":"https:\/\/redebeneditina.org.br\/pioxi\/wp-json\/wp\/v2\/tags?post=13741"}],"curies":[{"name":"wp","href":"https:\/\/api.w.org\/{rel}","templated":true}]}}