{"id":13778,"date":"2023-06-08T00:44:57","date_gmt":"2023-06-08T00:44:57","guid":{"rendered":"https:\/\/redebeneditina.org.br\/pioxi\/?p=13778"},"modified":"2023-06-13T19:58:09","modified_gmt":"2023-06-13T19:58:09","slug":"ciencias-no-laboratorio-ef9","status":"publish","type":"post","link":"https:\/\/redebeneditina.org.br\/pioxi\/ciencias-no-laboratorio-ef9\/","title":{"rendered":"Ci\u00eancias no laborat\u00f3rio &#8211; EF9"},"content":{"rendered":"<p>Os alunos das turmas do EF9A e EF9B iniciaram, nesta semana, as aulas pr\u00e1ticas de Ci\u00eancias no laborat\u00f3rio com uma aula inaugural sobre as principais t\u00e9cnicas de seguran\u00e7a em laborat\u00f3rio e uso adequado dos EPI&#8217;s (Equipamentos de Prote\u00e7\u00e3o Individual) e EPC&#8217;s (Equipamentos de Prote\u00e7\u00e3o Coletivo).<\/p>\n<p>Confira as fotos:<\/p>\nngg_shortcode_0_placeholder\n","protected":false},"excerpt":{"rendered":"<p>Os alunos das turmas do EF9A e EF9B iniciaram, nesta semana, as aulas pr\u00e1ticas de Ci\u00eancias no laborat\u00f3rio com uma aula inaugural sobre as principais t\u00e9cnicas de seguran\u00e7a em laborat\u00f3rio e uso adequado dos EPI&#8217;s (Equipamentos de Prote\u00e7\u00e3o Individual) e EPC&#8217;s (Equipamentos de Prote\u00e7\u00e3o Coletivo). Confira as fotos:<\/p>\n","protected":false},"author":4,"featured_media":13779,"comment_status":"closed","ping_status":"closed","sticky":false,"template":"","format":"standard","meta":{"_monsterinsights_skip_tracking":false,"_monsterinsights_sitenote_active":false,"_monsterinsights_sitenote_note":"","_monsterinsights_sitenote_category":0,"ngg_post_thumbnail":0,"footnotes":""},"categories":[84,90,82],"tags":[],"class_list":["post-13778","post","type-post","status-publish","format-standard","has-post-thumbnail","hentry","category-ano-2023","category-ens-fund_ii","category-noticias"],"_links":{"self":[{"href":"https:\/\/redebeneditina.org.br\/pioxi\/wp-json\/wp\/v2\/posts\/13778","targetHints":{"allow":["GET"]}}],"collection":[{"href":"https:\/\/redebeneditina.org.br\/pioxi\/wp-json\/wp\/v2\/posts"}],"about":[{"href":"https:\/\/redebeneditina.org.br\/pioxi\/wp-json\/wp\/v2\/types\/post"}],"author":[{"embeddable":true,"href":"https:\/\/redebeneditina.org.br\/pioxi\/wp-json\/wp\/v2\/users\/4"}],"replies":[{"embeddable":true,"href":"https:\/\/redebeneditina.org.br\/pioxi\/wp-json\/wp\/v2\/comments?post=13778"}],"version-history":[{"count":0,"href":"https:\/\/redebeneditina.org.br\/pioxi\/wp-json\/wp\/v2\/posts\/13778\/revisions"}],"wp:featuredmedia":[{"embeddable":true,"href":"https:\/\/redebeneditina.org.br\/pioxi\/wp-json\/wp\/v2\/media\/13779"}],"wp:attachment":[{"href":"https:\/\/redebeneditina.org.br\/pioxi\/wp-json\/wp\/v2\/media?parent=13778"}],"wp:term":[{"taxonomy":"category","embeddable":true,"href":"https:\/\/redebeneditina.org.br\/pioxi\/wp-json\/wp\/v2\/categories?post=13778"},{"taxonomy":"post_tag","embeddable":true,"href":"https:\/\/redebeneditina.org.br\/pioxi\/wp-json\/wp\/v2\/tags?post=13778"}],"curies":[{"name":"wp","href":"https:\/\/api.w.org\/{rel}","templated":true}]}}