{"id":13784,"date":"2023-06-08T00:53:04","date_gmt":"2023-06-08T00:53:04","guid":{"rendered":"https:\/\/redebeneditina.org.br\/pioxi\/?p=13784"},"modified":"2023-06-13T19:57:57","modified_gmt":"2023-06-13T19:57:57","slug":"concurso-canguru-de-matematica-brasil-2023","status":"publish","type":"post","link":"https:\/\/redebeneditina.org.br\/pioxi\/concurso-canguru-de-matematica-brasil-2023\/","title":{"rendered":"Concurso Canguru de Matem\u00e1tica Brasil 2023"},"content":{"rendered":"<p>No \u00faltimo s\u00e1bado, 18\/03, os nossos alunos, do EF3 ao EM3, participaram do Concurso Canguru de Matem\u00e1tica Brasil 2023.<\/p>\n<p>Os alunos testaram os seus conhecimentos matem\u00e1ticos e tiveram a oportunidade de olhar esta disciplina, t\u00e3o importante, de um jeito diferente e inovador.<\/p>\n<p>Ainda h\u00e1 escolas realizando a prova por todo o Brasil.<\/p>\n<p>Em breve, divulgaremos informa\u00e7\u00f5es acerca das datas de divulga\u00e7\u00e3o do resultado do concurso.<\/p>\n<p>Agradecemos a participa\u00e7\u00e3o dos nossos alunos e a parceria das fam\u00edlias.<\/p>\n<p>Confira as fotos:<\/p>\nngg_shortcode_0_placeholder\n","protected":false},"excerpt":{"rendered":"<p>No \u00faltimo s\u00e1bado, 18\/03, os nossos alunos, do EF3 ao EM3, participaram do Concurso Canguru de Matem\u00e1tica Brasil 2023. Os alunos testaram os seus conhecimentos matem\u00e1ticos e tiveram a oportunidade de olhar esta disciplina, t\u00e3o importante, de um jeito diferente e inovador. Ainda h\u00e1 escolas realizando a prova por todo o Brasil. Em breve, divulgaremos&#8230;<\/p>\n","protected":false},"author":4,"featured_media":13785,"comment_status":"closed","ping_status":"closed","sticky":false,"template":"","format":"standard","meta":{"_monsterinsights_skip_tracking":false,"_monsterinsights_sitenote_active":false,"_monsterinsights_sitenote_note":"","_monsterinsights_sitenote_category":0,"ngg_post_thumbnail":0,"footnotes":""},"categories":[84,89,91,82],"tags":[],"class_list":["post-13784","post","type-post","status-publish","format-standard","has-post-thumbnail","hentry","category-ano-2023","category-ens-fund_i","category-ens-medio","category-noticias"],"_links":{"self":[{"href":"https:\/\/redebeneditina.org.br\/pioxi\/wp-json\/wp\/v2\/posts\/13784","targetHints":{"allow":["GET"]}}],"collection":[{"href":"https:\/\/redebeneditina.org.br\/pioxi\/wp-json\/wp\/v2\/posts"}],"about":[{"href":"https:\/\/redebeneditina.org.br\/pioxi\/wp-json\/wp\/v2\/types\/post"}],"author":[{"embeddable":true,"href":"https:\/\/redebeneditina.org.br\/pioxi\/wp-json\/wp\/v2\/users\/4"}],"replies":[{"embeddable":true,"href":"https:\/\/redebeneditina.org.br\/pioxi\/wp-json\/wp\/v2\/comments?post=13784"}],"version-history":[{"count":0,"href":"https:\/\/redebeneditina.org.br\/pioxi\/wp-json\/wp\/v2\/posts\/13784\/revisions"}],"wp:featuredmedia":[{"embeddable":true,"href":"https:\/\/redebeneditina.org.br\/pioxi\/wp-json\/wp\/v2\/media\/13785"}],"wp:attachment":[{"href":"https:\/\/redebeneditina.org.br\/pioxi\/wp-json\/wp\/v2\/media?parent=13784"}],"wp:term":[{"taxonomy":"category","embeddable":true,"href":"https:\/\/redebeneditina.org.br\/pioxi\/wp-json\/wp\/v2\/categories?post=13784"},{"taxonomy":"post_tag","embeddable":true,"href":"https:\/\/redebeneditina.org.br\/pioxi\/wp-json\/wp\/v2\/tags?post=13784"}],"curies":[{"name":"wp","href":"https:\/\/api.w.org\/{rel}","templated":true}]}}