{"id":13787,"date":"2023-06-03T00:56:14","date_gmt":"2023-06-03T00:56:14","guid":{"rendered":"https:\/\/redebeneditina.org.br\/pioxi\/?p=13787"},"modified":"2023-06-20T21:25:31","modified_gmt":"2023-06-20T21:25:31","slug":"confissao-escolar","status":"publish","type":"post","link":"https:\/\/redebeneditina.org.br\/pioxi\/confissao-escolar\/","title":{"rendered":"Confiss\u00e3o Escolar"},"content":{"rendered":"<p>Em prepara\u00e7\u00e3o para a P\u00e1scoa, os nossos alunos tiveram a oportunidade de participar da Confiss\u00e3o Escolar.<\/p>\n<p>Recebemos em nossa escola os Padres Samuel Afonso, da Par\u00f3quia Senhor do Bonfim, Lu\u00eds Gustavo, da Par\u00f3quia Nossa Senhora do Bonsucesso, Daniel F\u00e9lix, da Catedral de Santo Ant\u00f4nio e Mozart Nunes, da Par\u00f3quia S\u00e3o Sebasti\u00e3o.<\/p>\n<p>Agradecemos pela vinda e pela acolhida aos nossos alunos.<\/p>\n<p>Que Deus aben\u00e7oe as vossas vidas e voca\u00e7\u00e3o.<\/p>\n","protected":false},"excerpt":{"rendered":"<p>Em prepara\u00e7\u00e3o para a P\u00e1scoa, os nossos alunos tiveram a oportunidade de participar da Confiss\u00e3o Escolar. Recebemos em nossa escola os Padres Samuel Afonso, da Par\u00f3quia Senhor do Bonfim, Lu\u00eds Gustavo, da Par\u00f3quia Nossa Senhora do Bonsucesso, Daniel F\u00e9lix, da Catedral de Santo Ant\u00f4nio e Mozart Nunes, da Par\u00f3quia S\u00e3o Sebasti\u00e3o. Agradecemos pela vinda e&#8230;<\/p>\n","protected":false},"author":4,"featured_media":13788,"comment_status":"closed","ping_status":"closed","sticky":false,"template":"","format":"standard","meta":{"_monsterinsights_skip_tracking":false,"_monsterinsights_sitenote_active":false,"_monsterinsights_sitenote_note":"","_monsterinsights_sitenote_category":0,"ngg_post_thumbnail":0,"footnotes":""},"categories":[84,88,89,90,91,82,95],"tags":[],"class_list":["post-13787","post","type-post","status-publish","format-standard","has-post-thumbnail","hentry","category-ano-2023","category-ed-infantil","category-ens-fund_i","category-ens-fund_ii","category-ens-medio","category-noticias","category-pastoral-escolar"],"_links":{"self":[{"href":"https:\/\/redebeneditina.org.br\/pioxi\/wp-json\/wp\/v2\/posts\/13787","targetHints":{"allow":["GET"]}}],"collection":[{"href":"https:\/\/redebeneditina.org.br\/pioxi\/wp-json\/wp\/v2\/posts"}],"about":[{"href":"https:\/\/redebeneditina.org.br\/pioxi\/wp-json\/wp\/v2\/types\/post"}],"author":[{"embeddable":true,"href":"https:\/\/redebeneditina.org.br\/pioxi\/wp-json\/wp\/v2\/users\/4"}],"replies":[{"embeddable":true,"href":"https:\/\/redebeneditina.org.br\/pioxi\/wp-json\/wp\/v2\/comments?post=13787"}],"version-history":[{"count":0,"href":"https:\/\/redebeneditina.org.br\/pioxi\/wp-json\/wp\/v2\/posts\/13787\/revisions"}],"wp:featuredmedia":[{"embeddable":true,"href":"https:\/\/redebeneditina.org.br\/pioxi\/wp-json\/wp\/v2\/media\/13788"}],"wp:attachment":[{"href":"https:\/\/redebeneditina.org.br\/pioxi\/wp-json\/wp\/v2\/media?parent=13787"}],"wp:term":[{"taxonomy":"category","embeddable":true,"href":"https:\/\/redebeneditina.org.br\/pioxi\/wp-json\/wp\/v2\/categories?post=13787"},{"taxonomy":"post_tag","embeddable":true,"href":"https:\/\/redebeneditina.org.br\/pioxi\/wp-json\/wp\/v2\/tags?post=13787"}],"curies":[{"name":"wp","href":"https:\/\/api.w.org\/{rel}","templated":true}]}}