{"id":13798,"date":"2023-06-08T19:37:44","date_gmt":"2023-06-08T19:37:44","guid":{"rendered":"https:\/\/redebeneditina.org.br\/pioxi\/?p=13798"},"modified":"2023-06-13T19:57:35","modified_gmt":"2023-06-13T19:57:35","slug":"dia-da-agua-2ano","status":"publish","type":"post","link":"https:\/\/redebeneditina.org.br\/pioxi\/dia-da-agua-2ano\/","title":{"rendered":"Dia da \u00e1gua &#8211; 2\u00b0ano"},"content":{"rendered":"<p>No dia 22 de mar\u00e7o, por meio de conversas, m\u00fasicas e trabalhos art\u00edsticos, os alunos do 2\u00b0Ano, comemoraram o Dia da \u00e1gua.<\/p>\n<p>Foi um momento de aprendizado sobre os h\u00e1bitos cotidianos, conscientiza\u00e7\u00e3o do cuidado que devemos ter e preserva\u00e7\u00e3o da \u00e1gua.<\/p>\n<p>Confira as fotos:<\/p>\nngg_shortcode_0_placeholder\n","protected":false},"excerpt":{"rendered":"<p>No dia 22 de mar\u00e7o, por meio de conversas, m\u00fasicas e trabalhos art\u00edsticos, os alunos do 2\u00b0Ano, comemoraram o Dia da \u00e1gua. Foi um momento de aprendizado sobre os h\u00e1bitos cotidianos, conscientiza\u00e7\u00e3o do cuidado que devemos ter e preserva\u00e7\u00e3o da \u00e1gua. Confira as fotos:<\/p>\n","protected":false},"author":4,"featured_media":13799,"comment_status":"closed","ping_status":"closed","sticky":false,"template":"","format":"standard","meta":{"_monsterinsights_skip_tracking":false,"_monsterinsights_sitenote_active":false,"_monsterinsights_sitenote_note":"","_monsterinsights_sitenote_category":0,"ngg_post_thumbnail":0,"footnotes":""},"categories":[84,89,82],"tags":[],"class_list":["post-13798","post","type-post","status-publish","format-standard","has-post-thumbnail","hentry","category-ano-2023","category-ens-fund_i","category-noticias"],"_links":{"self":[{"href":"https:\/\/redebeneditina.org.br\/pioxi\/wp-json\/wp\/v2\/posts\/13798","targetHints":{"allow":["GET"]}}],"collection":[{"href":"https:\/\/redebeneditina.org.br\/pioxi\/wp-json\/wp\/v2\/posts"}],"about":[{"href":"https:\/\/redebeneditina.org.br\/pioxi\/wp-json\/wp\/v2\/types\/post"}],"author":[{"embeddable":true,"href":"https:\/\/redebeneditina.org.br\/pioxi\/wp-json\/wp\/v2\/users\/4"}],"replies":[{"embeddable":true,"href":"https:\/\/redebeneditina.org.br\/pioxi\/wp-json\/wp\/v2\/comments?post=13798"}],"version-history":[{"count":0,"href":"https:\/\/redebeneditina.org.br\/pioxi\/wp-json\/wp\/v2\/posts\/13798\/revisions"}],"wp:featuredmedia":[{"embeddable":true,"href":"https:\/\/redebeneditina.org.br\/pioxi\/wp-json\/wp\/v2\/media\/13799"}],"wp:attachment":[{"href":"https:\/\/redebeneditina.org.br\/pioxi\/wp-json\/wp\/v2\/media?parent=13798"}],"wp:term":[{"taxonomy":"category","embeddable":true,"href":"https:\/\/redebeneditina.org.br\/pioxi\/wp-json\/wp\/v2\/categories?post=13798"},{"taxonomy":"post_tag","embeddable":true,"href":"https:\/\/redebeneditina.org.br\/pioxi\/wp-json\/wp\/v2\/tags?post=13798"}],"curies":[{"name":"wp","href":"https:\/\/api.w.org\/{rel}","templated":true}]}}