{"id":13804,"date":"2023-06-08T19:47:16","date_gmt":"2023-06-08T19:47:16","guid":{"rendered":"https:\/\/redebeneditina.org.br\/pioxi\/?p=13804"},"modified":"2023-06-13T19:57:21","modified_gmt":"2023-06-13T19:57:21","slug":"dia-da-mulher-em3","status":"publish","type":"post","link":"https:\/\/redebeneditina.org.br\/pioxi\/dia-da-mulher-em3\/","title":{"rendered":"Dia da Mulher &#8211; EM3"},"content":{"rendered":"<p>O dia internacional da mulher, 8 de mar\u00e7o, marca a celebra\u00e7\u00e3o das conquistas sociais, pol\u00edticas e econ\u00f4micas das mulheres ao longo dos anos.<\/p>\n<p>Os alunos do EM3, com a orienta\u00e7\u00e3o da equipe de Linguagens, Hist\u00f3ria e Arte, realizaram v\u00e1rias atividades com o objetivo de celebrar a data e refletir sobre a trajet\u00f3ria de lutas e conquistas que marcaram e marcam a atua\u00e7\u00e3o da mulher na sociedade moderna.<\/p>\n<p>Confira as fotos:<\/p>\nngg_shortcode_0_placeholder\n","protected":false},"excerpt":{"rendered":"<p>O dia internacional da mulher, 8 de mar\u00e7o, marca a celebra\u00e7\u00e3o das conquistas sociais, pol\u00edticas e econ\u00f4micas das mulheres ao longo dos anos. Os alunos do EM3, com a orienta\u00e7\u00e3o da equipe de Linguagens, Hist\u00f3ria e Arte, realizaram v\u00e1rias atividades com o objetivo de celebrar a data e refletir sobre a trajet\u00f3ria de lutas e&#8230;<\/p>\n","protected":false},"author":4,"featured_media":13805,"comment_status":"closed","ping_status":"closed","sticky":false,"template":"","format":"standard","meta":{"_monsterinsights_skip_tracking":false,"_monsterinsights_sitenote_active":false,"_monsterinsights_sitenote_note":"","_monsterinsights_sitenote_category":0,"ngg_post_thumbnail":0,"footnotes":""},"categories":[84,91,82],"tags":[],"class_list":["post-13804","post","type-post","status-publish","format-standard","has-post-thumbnail","hentry","category-ano-2023","category-ens-medio","category-noticias"],"_links":{"self":[{"href":"https:\/\/redebeneditina.org.br\/pioxi\/wp-json\/wp\/v2\/posts\/13804","targetHints":{"allow":["GET"]}}],"collection":[{"href":"https:\/\/redebeneditina.org.br\/pioxi\/wp-json\/wp\/v2\/posts"}],"about":[{"href":"https:\/\/redebeneditina.org.br\/pioxi\/wp-json\/wp\/v2\/types\/post"}],"author":[{"embeddable":true,"href":"https:\/\/redebeneditina.org.br\/pioxi\/wp-json\/wp\/v2\/users\/4"}],"replies":[{"embeddable":true,"href":"https:\/\/redebeneditina.org.br\/pioxi\/wp-json\/wp\/v2\/comments?post=13804"}],"version-history":[{"count":0,"href":"https:\/\/redebeneditina.org.br\/pioxi\/wp-json\/wp\/v2\/posts\/13804\/revisions"}],"wp:featuredmedia":[{"embeddable":true,"href":"https:\/\/redebeneditina.org.br\/pioxi\/wp-json\/wp\/v2\/media\/13805"}],"wp:attachment":[{"href":"https:\/\/redebeneditina.org.br\/pioxi\/wp-json\/wp\/v2\/media?parent=13804"}],"wp:term":[{"taxonomy":"category","embeddable":true,"href":"https:\/\/redebeneditina.org.br\/pioxi\/wp-json\/wp\/v2\/categories?post=13804"},{"taxonomy":"post_tag","embeddable":true,"href":"https:\/\/redebeneditina.org.br\/pioxi\/wp-json\/wp\/v2\/tags?post=13804"}],"curies":[{"name":"wp","href":"https:\/\/api.w.org\/{rel}","templated":true}]}}