{"id":13811,"date":"2023-06-08T19:56:05","date_gmt":"2023-06-08T19:56:05","guid":{"rendered":"https:\/\/redebeneditina.org.br\/pioxi\/?p=13811"},"modified":"2023-06-13T19:57:03","modified_gmt":"2023-06-13T19:57:03","slug":"dia-tematico-em3","status":"publish","type":"post","link":"https:\/\/redebeneditina.org.br\/pioxi\/dia-tematico-em3\/","title":{"rendered":"Dia tem\u00e1tico &#8211; EM3"},"content":{"rendered":"<p>O EM3A\/2023 usou toda criatividade para seu primeiro DIA TEM\u00c1TICO, apresentando desenho, filme ou s\u00e9rie.<\/p>\n<p>A alegria e amizade tomaram conta e, esse time, n\u00e3o passou despercebido; chamaram a aten\u00e7\u00e3o de todos esbanjando simpatia e originalidade.<\/p>\n<p>Confira as fotos:<\/p>\nngg_shortcode_0_placeholder\n","protected":false},"excerpt":{"rendered":"<p>O EM3A\/2023 usou toda criatividade para seu primeiro DIA TEM\u00c1TICO, apresentando desenho, filme ou s\u00e9rie. A alegria e amizade tomaram conta e, esse time, n\u00e3o passou despercebido; chamaram a aten\u00e7\u00e3o de todos esbanjando simpatia e originalidade. Confira as fotos:<\/p>\n","protected":false},"author":4,"featured_media":13812,"comment_status":"closed","ping_status":"closed","sticky":false,"template":"","format":"standard","meta":{"_monsterinsights_skip_tracking":false,"_monsterinsights_sitenote_active":false,"_monsterinsights_sitenote_note":"","_monsterinsights_sitenote_category":0,"ngg_post_thumbnail":0,"footnotes":""},"categories":[84,91,82],"tags":[],"class_list":["post-13811","post","type-post","status-publish","format-standard","has-post-thumbnail","hentry","category-ano-2023","category-ens-medio","category-noticias"],"_links":{"self":[{"href":"https:\/\/redebeneditina.org.br\/pioxi\/wp-json\/wp\/v2\/posts\/13811","targetHints":{"allow":["GET"]}}],"collection":[{"href":"https:\/\/redebeneditina.org.br\/pioxi\/wp-json\/wp\/v2\/posts"}],"about":[{"href":"https:\/\/redebeneditina.org.br\/pioxi\/wp-json\/wp\/v2\/types\/post"}],"author":[{"embeddable":true,"href":"https:\/\/redebeneditina.org.br\/pioxi\/wp-json\/wp\/v2\/users\/4"}],"replies":[{"embeddable":true,"href":"https:\/\/redebeneditina.org.br\/pioxi\/wp-json\/wp\/v2\/comments?post=13811"}],"version-history":[{"count":0,"href":"https:\/\/redebeneditina.org.br\/pioxi\/wp-json\/wp\/v2\/posts\/13811\/revisions"}],"wp:featuredmedia":[{"embeddable":true,"href":"https:\/\/redebeneditina.org.br\/pioxi\/wp-json\/wp\/v2\/media\/13812"}],"wp:attachment":[{"href":"https:\/\/redebeneditina.org.br\/pioxi\/wp-json\/wp\/v2\/media?parent=13811"}],"wp:term":[{"taxonomy":"category","embeddable":true,"href":"https:\/\/redebeneditina.org.br\/pioxi\/wp-json\/wp\/v2\/categories?post=13811"},{"taxonomy":"post_tag","embeddable":true,"href":"https:\/\/redebeneditina.org.br\/pioxi\/wp-json\/wp\/v2\/tags?post=13811"}],"curies":[{"name":"wp","href":"https:\/\/api.w.org\/{rel}","templated":true}]}}