{"id":13814,"date":"2023-06-08T20:02:37","date_gmt":"2023-06-08T20:02:37","guid":{"rendered":"https:\/\/redebeneditina.org.br\/pioxi\/?p=13814"},"modified":"2023-06-13T19:56:56","modified_gmt":"2023-06-13T19:56:56","slug":"encontros-vocalicos-pre-2","status":"publish","type":"post","link":"https:\/\/redebeneditina.org.br\/pioxi\/encontros-vocalicos-pre-2\/","title":{"rendered":"Encontros voc\u00e1licos &#8211; Pr\u00e9 2"},"content":{"rendered":"<p>Os alunos do Pr\u00e9 2, orientados pela professora Gabriella, conheceram os encontros voc\u00e1licos de forma l\u00fadica e muito divertida, dramatizaram a hist\u00f3ria das vogais e tornaram-se os enfermeiros dos encontros voc\u00e1licos.<\/p>\n<p>Brincaram com as suas fam\u00edlias e realizaram um dever de casa especial, dentro da maletinha! Voc\u00eas s\u00e3o incr\u00edveis!<\/p>\n<p>Confira as fotos:<\/p>\nngg_shortcode_0_placeholder\n","protected":false},"excerpt":{"rendered":"<p>Os alunos do Pr\u00e9 2, orientados pela professora Gabriella, conheceram os encontros voc\u00e1licos de forma l\u00fadica e muito divertida, dramatizaram a hist\u00f3ria das vogais e tornaram-se os enfermeiros dos encontros voc\u00e1licos. Brincaram com as suas fam\u00edlias e realizaram um dever de casa especial, dentro da maletinha! Voc\u00eas s\u00e3o incr\u00edveis! Confira as fotos:<\/p>\n","protected":false},"author":4,"featured_media":13815,"comment_status":"closed","ping_status":"closed","sticky":false,"template":"","format":"standard","meta":{"_monsterinsights_skip_tracking":false,"_monsterinsights_sitenote_active":false,"_monsterinsights_sitenote_note":"","_monsterinsights_sitenote_category":0,"ngg_post_thumbnail":0,"footnotes":""},"categories":[84,88,82],"tags":[],"class_list":["post-13814","post","type-post","status-publish","format-standard","has-post-thumbnail","hentry","category-ano-2023","category-ed-infantil","category-noticias"],"_links":{"self":[{"href":"https:\/\/redebeneditina.org.br\/pioxi\/wp-json\/wp\/v2\/posts\/13814","targetHints":{"allow":["GET"]}}],"collection":[{"href":"https:\/\/redebeneditina.org.br\/pioxi\/wp-json\/wp\/v2\/posts"}],"about":[{"href":"https:\/\/redebeneditina.org.br\/pioxi\/wp-json\/wp\/v2\/types\/post"}],"author":[{"embeddable":true,"href":"https:\/\/redebeneditina.org.br\/pioxi\/wp-json\/wp\/v2\/users\/4"}],"replies":[{"embeddable":true,"href":"https:\/\/redebeneditina.org.br\/pioxi\/wp-json\/wp\/v2\/comments?post=13814"}],"version-history":[{"count":0,"href":"https:\/\/redebeneditina.org.br\/pioxi\/wp-json\/wp\/v2\/posts\/13814\/revisions"}],"wp:featuredmedia":[{"embeddable":true,"href":"https:\/\/redebeneditina.org.br\/pioxi\/wp-json\/wp\/v2\/media\/13815"}],"wp:attachment":[{"href":"https:\/\/redebeneditina.org.br\/pioxi\/wp-json\/wp\/v2\/media?parent=13814"}],"wp:term":[{"taxonomy":"category","embeddable":true,"href":"https:\/\/redebeneditina.org.br\/pioxi\/wp-json\/wp\/v2\/categories?post=13814"},{"taxonomy":"post_tag","embeddable":true,"href":"https:\/\/redebeneditina.org.br\/pioxi\/wp-json\/wp\/v2\/tags?post=13814"}],"curies":[{"name":"wp","href":"https:\/\/api.w.org\/{rel}","templated":true}]}}