{"id":13817,"date":"2023-06-02T20:05:14","date_gmt":"2023-06-02T20:05:14","guid":{"rendered":"https:\/\/redebeneditina.org.br\/pioxi\/?p=13817"},"modified":"2023-06-20T21:25:02","modified_gmt":"2023-06-20T21:25:02","slug":"energias-apos-o-carnaval-pre-2","status":"publish","type":"post","link":"https:\/\/redebeneditina.org.br\/pioxi\/energias-apos-o-carnaval-pre-2\/","title":{"rendered":"Energias ap\u00f3s o Carnaval &#8211; Pr\u00e9 2"},"content":{"rendered":"<p>Os alunos do Pr\u00e9 2, orientados pela professora Gabriella, recarregaram as energias ap\u00f3s o Carnaval e retornaram entusiasmados para um ano letivo com muitas descobertas, amor, amizade, uni\u00e3o, desenvolvimento e aprendizagem!<\/p>\n<p>Confira as fotos:<\/p>\nngg_shortcode_0_placeholder\n","protected":false},"excerpt":{"rendered":"<p>Os alunos do Pr\u00e9 2, orientados pela professora Gabriella, recarregaram as energias ap\u00f3s o Carnaval e retornaram entusiasmados para um ano letivo com muitas descobertas, amor, amizade, uni\u00e3o, desenvolvimento e aprendizagem! Confira as fotos:<\/p>\n","protected":false},"author":4,"featured_media":13818,"comment_status":"closed","ping_status":"closed","sticky":false,"template":"","format":"standard","meta":{"_monsterinsights_skip_tracking":false,"_monsterinsights_sitenote_active":false,"_monsterinsights_sitenote_note":"","_monsterinsights_sitenote_category":0,"ngg_post_thumbnail":0,"footnotes":""},"categories":[84,88,82],"tags":[],"class_list":["post-13817","post","type-post","status-publish","format-standard","has-post-thumbnail","hentry","category-ano-2023","category-ed-infantil","category-noticias"],"_links":{"self":[{"href":"https:\/\/redebeneditina.org.br\/pioxi\/wp-json\/wp\/v2\/posts\/13817","targetHints":{"allow":["GET"]}}],"collection":[{"href":"https:\/\/redebeneditina.org.br\/pioxi\/wp-json\/wp\/v2\/posts"}],"about":[{"href":"https:\/\/redebeneditina.org.br\/pioxi\/wp-json\/wp\/v2\/types\/post"}],"author":[{"embeddable":true,"href":"https:\/\/redebeneditina.org.br\/pioxi\/wp-json\/wp\/v2\/users\/4"}],"replies":[{"embeddable":true,"href":"https:\/\/redebeneditina.org.br\/pioxi\/wp-json\/wp\/v2\/comments?post=13817"}],"version-history":[{"count":0,"href":"https:\/\/redebeneditina.org.br\/pioxi\/wp-json\/wp\/v2\/posts\/13817\/revisions"}],"wp:featuredmedia":[{"embeddable":true,"href":"https:\/\/redebeneditina.org.br\/pioxi\/wp-json\/wp\/v2\/media\/13818"}],"wp:attachment":[{"href":"https:\/\/redebeneditina.org.br\/pioxi\/wp-json\/wp\/v2\/media?parent=13817"}],"wp:term":[{"taxonomy":"category","embeddable":true,"href":"https:\/\/redebeneditina.org.br\/pioxi\/wp-json\/wp\/v2\/categories?post=13817"},{"taxonomy":"post_tag","embeddable":true,"href":"https:\/\/redebeneditina.org.br\/pioxi\/wp-json\/wp\/v2\/tags?post=13817"}],"curies":[{"name":"wp","href":"https:\/\/api.w.org\/{rel}","templated":true}]}}