{"id":13826,"date":"2023-06-08T20:11:32","date_gmt":"2023-06-08T20:11:32","guid":{"rendered":"https:\/\/redebeneditina.org.br\/pioxi\/?p=13826"},"modified":"2023-06-13T19:56:39","modified_gmt":"2023-06-13T19:56:39","slug":"espelho-espelho-meu-maternal-1","status":"publish","type":"post","link":"https:\/\/redebeneditina.org.br\/pioxi\/espelho-espelho-meu-maternal-1\/","title":{"rendered":"Espelho, espelho meu &#8211; Maternal 1"},"content":{"rendered":"<p>A turma do Maternal 1, brincou de: Espelho, espelho meu&#8230;<\/p>\n<p>Diante do espelho, movimentou o corpo, observou as diferentes express\u00f5es faciais e identificou as diversas partes do corpo.<\/p>\n<p>Essa atividade, divertida, estimula o processo de constru\u00e7\u00e3o da identidade.<\/p>\n<p>Parab\u00e9ns, Maternal! Voc\u00eas arrasaram!<\/p>\n<p>Confira as fotos:<\/p>\nngg_shortcode_0_placeholder\n","protected":false},"excerpt":{"rendered":"<p>A turma do Maternal 1, brincou de: Espelho, espelho meu&#8230; Diante do espelho, movimentou o corpo, observou as diferentes express\u00f5es faciais e identificou as diversas partes do corpo. Essa atividade, divertida, estimula o processo de constru\u00e7\u00e3o da identidade. Parab\u00e9ns, Maternal! Voc\u00eas arrasaram! Confira as fotos:<\/p>\n","protected":false},"author":4,"featured_media":13827,"comment_status":"closed","ping_status":"closed","sticky":false,"template":"","format":"standard","meta":{"_monsterinsights_skip_tracking":false,"_monsterinsights_sitenote_active":false,"_monsterinsights_sitenote_note":"","_monsterinsights_sitenote_category":0,"ngg_post_thumbnail":0,"footnotes":""},"categories":[84,88,82],"tags":[],"class_list":["post-13826","post","type-post","status-publish","format-standard","has-post-thumbnail","hentry","category-ano-2023","category-ed-infantil","category-noticias"],"_links":{"self":[{"href":"https:\/\/redebeneditina.org.br\/pioxi\/wp-json\/wp\/v2\/posts\/13826","targetHints":{"allow":["GET"]}}],"collection":[{"href":"https:\/\/redebeneditina.org.br\/pioxi\/wp-json\/wp\/v2\/posts"}],"about":[{"href":"https:\/\/redebeneditina.org.br\/pioxi\/wp-json\/wp\/v2\/types\/post"}],"author":[{"embeddable":true,"href":"https:\/\/redebeneditina.org.br\/pioxi\/wp-json\/wp\/v2\/users\/4"}],"replies":[{"embeddable":true,"href":"https:\/\/redebeneditina.org.br\/pioxi\/wp-json\/wp\/v2\/comments?post=13826"}],"version-history":[{"count":0,"href":"https:\/\/redebeneditina.org.br\/pioxi\/wp-json\/wp\/v2\/posts\/13826\/revisions"}],"wp:featuredmedia":[{"embeddable":true,"href":"https:\/\/redebeneditina.org.br\/pioxi\/wp-json\/wp\/v2\/media\/13827"}],"wp:attachment":[{"href":"https:\/\/redebeneditina.org.br\/pioxi\/wp-json\/wp\/v2\/media?parent=13826"}],"wp:term":[{"taxonomy":"category","embeddable":true,"href":"https:\/\/redebeneditina.org.br\/pioxi\/wp-json\/wp\/v2\/categories?post=13826"},{"taxonomy":"post_tag","embeddable":true,"href":"https:\/\/redebeneditina.org.br\/pioxi\/wp-json\/wp\/v2\/tags?post=13826"}],"curies":[{"name":"wp","href":"https:\/\/api.w.org\/{rel}","templated":true}]}}