{"id":13830,"date":"2023-06-08T20:14:15","date_gmt":"2023-06-08T20:14:15","guid":{"rendered":"https:\/\/redebeneditina.org.br\/pioxi\/?p=13830"},"modified":"2023-06-13T19:56:34","modified_gmt":"2023-06-13T19:56:34","slug":"eu-tu-eles-nos-e-quem-mais-literatura-e-arte-em","status":"publish","type":"post","link":"https:\/\/redebeneditina.org.br\/pioxi\/eu-tu-eles-nos-e-quem-mais-literatura-e-arte-em\/","title":{"rendered":"Eu, tu, eles, n\u00f3s e quem mais? Literatura e arte &#8211; EM"},"content":{"rendered":"<p>Os alunos da trilha de Linguagens &#8220;Eu, tu, eles, n\u00f3s e quem mais? Literatura e arte&#8221;, orientados pela professora Waleska, apresentaram suas interpreta\u00e7\u00f5es sobre uma obra de arte por eles escolhida e fizeram uma releitura dela. O resultado ficou espetacular. Parab\u00e9ns, alunos!<\/p>\n<p>Confira as fotos:<\/p>\nngg_shortcode_0_placeholder\n","protected":false},"excerpt":{"rendered":"<p>Os alunos da trilha de Linguagens &#8220;Eu, tu, eles, n\u00f3s e quem mais? Literatura e arte&#8221;, orientados pela professora Waleska, apresentaram suas interpreta\u00e7\u00f5es sobre uma obra de arte por eles escolhida e fizeram uma releitura dela. O resultado ficou espetacular. Parab\u00e9ns, alunos! Confira as fotos:<\/p>\n","protected":false},"author":4,"featured_media":13831,"comment_status":"closed","ping_status":"closed","sticky":false,"template":"","format":"standard","meta":{"_monsterinsights_skip_tracking":false,"_monsterinsights_sitenote_active":false,"_monsterinsights_sitenote_note":"","_monsterinsights_sitenote_category":0,"ngg_post_thumbnail":0,"footnotes":""},"categories":[84,91,82],"tags":[],"class_list":["post-13830","post","type-post","status-publish","format-standard","has-post-thumbnail","hentry","category-ano-2023","category-ens-medio","category-noticias"],"_links":{"self":[{"href":"https:\/\/redebeneditina.org.br\/pioxi\/wp-json\/wp\/v2\/posts\/13830","targetHints":{"allow":["GET"]}}],"collection":[{"href":"https:\/\/redebeneditina.org.br\/pioxi\/wp-json\/wp\/v2\/posts"}],"about":[{"href":"https:\/\/redebeneditina.org.br\/pioxi\/wp-json\/wp\/v2\/types\/post"}],"author":[{"embeddable":true,"href":"https:\/\/redebeneditina.org.br\/pioxi\/wp-json\/wp\/v2\/users\/4"}],"replies":[{"embeddable":true,"href":"https:\/\/redebeneditina.org.br\/pioxi\/wp-json\/wp\/v2\/comments?post=13830"}],"version-history":[{"count":0,"href":"https:\/\/redebeneditina.org.br\/pioxi\/wp-json\/wp\/v2\/posts\/13830\/revisions"}],"wp:featuredmedia":[{"embeddable":true,"href":"https:\/\/redebeneditina.org.br\/pioxi\/wp-json\/wp\/v2\/media\/13831"}],"wp:attachment":[{"href":"https:\/\/redebeneditina.org.br\/pioxi\/wp-json\/wp\/v2\/media?parent=13830"}],"wp:term":[{"taxonomy":"category","embeddable":true,"href":"https:\/\/redebeneditina.org.br\/pioxi\/wp-json\/wp\/v2\/categories?post=13830"},{"taxonomy":"post_tag","embeddable":true,"href":"https:\/\/redebeneditina.org.br\/pioxi\/wp-json\/wp\/v2\/tags?post=13830"}],"curies":[{"name":"wp","href":"https:\/\/api.w.org\/{rel}","templated":true}]}}