{"id":13834,"date":"2023-06-08T20:17:30","date_gmt":"2023-06-08T20:17:30","guid":{"rendered":"https:\/\/redebeneditina.org.br\/pioxi\/?p=13834"},"modified":"2023-06-13T19:56:13","modified_gmt":"2023-06-13T19:56:13","slug":"evolucao-urbana-da-cidade-3a-serie-em","status":"publish","type":"post","link":"https:\/\/redebeneditina.org.br\/pioxi\/evolucao-urbana-da-cidade-3a-serie-em\/","title":{"rendered":"Evolu\u00e7\u00e3o urbana da cidade &#8211; 3\u00aa s\u00e9rie EM"},"content":{"rendered":"<p>Motivados pela import\u00e2ncia de unir o conte\u00fado discutido em sala de aula \u00e0s viv\u00eancias reais, os alunos da terceira s\u00e9rie do Ensino M\u00e9dio tiveram a oportunidade de assistir a aula de Geografia, com o professor Eloir Bravim Junior, no pr\u00f3prio campo.<\/p>\n<p>A escolha pelo Centro do Rio de Janeiro remete a import\u00e2ncia de se estudar a evolu\u00e7\u00e3o urbana da cidade que, por tanto tempo, foi a capital da col\u00f4nia, imp\u00e9rio e da rep\u00fablica, tornando o aprendizado mais l\u00fadico e motivador.<\/p>\n<p>Confira as fotos:<\/p>\nngg_shortcode_0_placeholder\n","protected":false},"excerpt":{"rendered":"<p>Motivados pela import\u00e2ncia de unir o conte\u00fado discutido em sala de aula \u00e0s viv\u00eancias reais, os alunos da terceira s\u00e9rie do Ensino M\u00e9dio tiveram a oportunidade de assistir a aula de Geografia, com o professor Eloir Bravim Junior, no pr\u00f3prio campo. A escolha pelo Centro do Rio de Janeiro remete a import\u00e2ncia de se estudar&#8230;<\/p>\n","protected":false},"author":4,"featured_media":13835,"comment_status":"closed","ping_status":"closed","sticky":false,"template":"","format":"standard","meta":{"_monsterinsights_skip_tracking":false,"_monsterinsights_sitenote_active":false,"_monsterinsights_sitenote_note":"","_monsterinsights_sitenote_category":0,"ngg_post_thumbnail":0,"footnotes":""},"categories":[84,91,82],"tags":[],"class_list":["post-13834","post","type-post","status-publish","format-standard","has-post-thumbnail","hentry","category-ano-2023","category-ens-medio","category-noticias"],"_links":{"self":[{"href":"https:\/\/redebeneditina.org.br\/pioxi\/wp-json\/wp\/v2\/posts\/13834","targetHints":{"allow":["GET"]}}],"collection":[{"href":"https:\/\/redebeneditina.org.br\/pioxi\/wp-json\/wp\/v2\/posts"}],"about":[{"href":"https:\/\/redebeneditina.org.br\/pioxi\/wp-json\/wp\/v2\/types\/post"}],"author":[{"embeddable":true,"href":"https:\/\/redebeneditina.org.br\/pioxi\/wp-json\/wp\/v2\/users\/4"}],"replies":[{"embeddable":true,"href":"https:\/\/redebeneditina.org.br\/pioxi\/wp-json\/wp\/v2\/comments?post=13834"}],"version-history":[{"count":0,"href":"https:\/\/redebeneditina.org.br\/pioxi\/wp-json\/wp\/v2\/posts\/13834\/revisions"}],"wp:featuredmedia":[{"embeddable":true,"href":"https:\/\/redebeneditina.org.br\/pioxi\/wp-json\/wp\/v2\/media\/13835"}],"wp:attachment":[{"href":"https:\/\/redebeneditina.org.br\/pioxi\/wp-json\/wp\/v2\/media?parent=13834"}],"wp:term":[{"taxonomy":"category","embeddable":true,"href":"https:\/\/redebeneditina.org.br\/pioxi\/wp-json\/wp\/v2\/categories?post=13834"},{"taxonomy":"post_tag","embeddable":true,"href":"https:\/\/redebeneditina.org.br\/pioxi\/wp-json\/wp\/v2\/tags?post=13834"}],"curies":[{"name":"wp","href":"https:\/\/api.w.org\/{rel}","templated":true}]}}