{"id":13860,"date":"2023-06-08T20:42:15","date_gmt":"2023-06-08T20:42:15","guid":{"rendered":"https:\/\/redebeneditina.org.br\/pioxi\/?p=13860"},"modified":"2023-06-13T19:55:32","modified_gmt":"2023-06-13T19:55:32","slug":"laboratorio-de-ciencias-em","status":"publish","type":"post","link":"https:\/\/redebeneditina.org.br\/pioxi\/laboratorio-de-ciencias-em\/","title":{"rendered":"Laborat\u00f3rio de Ci\u00eancias &#8211; EM"},"content":{"rendered":"<p>Os alunos da turma NE1A estiveram hoje no Laborat\u00f3rio de Ci\u00eancias, com o professor Eduardo, de Qu\u00edmica.<\/p>\n<p>A primeira aula de laborat\u00f3rio abordou conceitos sobre seguran\u00e7a e reconhecimento de vidrarias al\u00e9m de equipamentos de Laborat\u00f3rio.<\/p>\n<p>Ao longo do ano, os alunos ter\u00e3o a possibilidade de desenvolver os conhecimentos te\u00f3ricos alinhados \u00e0 pr\u00e1tica laboratorial.<\/p>\n<p>Confira as fotos:<\/p>\nngg_shortcode_0_placeholder\n","protected":false},"excerpt":{"rendered":"<p>Os alunos da turma NE1A estiveram hoje no Laborat\u00f3rio de Ci\u00eancias, com o professor Eduardo, de Qu\u00edmica. A primeira aula de laborat\u00f3rio abordou conceitos sobre seguran\u00e7a e reconhecimento de vidrarias al\u00e9m de equipamentos de Laborat\u00f3rio. Ao longo do ano, os alunos ter\u00e3o a possibilidade de desenvolver os conhecimentos te\u00f3ricos alinhados \u00e0 pr\u00e1tica laboratorial. Confira as&#8230;<\/p>\n","protected":false},"author":4,"featured_media":13861,"comment_status":"closed","ping_status":"closed","sticky":false,"template":"","format":"standard","meta":{"_monsterinsights_skip_tracking":false,"_monsterinsights_sitenote_active":false,"_monsterinsights_sitenote_note":"","_monsterinsights_sitenote_category":0,"ngg_post_thumbnail":0,"footnotes":""},"categories":[84,91,82],"tags":[],"class_list":["post-13860","post","type-post","status-publish","format-standard","has-post-thumbnail","hentry","category-ano-2023","category-ens-medio","category-noticias"],"_links":{"self":[{"href":"https:\/\/redebeneditina.org.br\/pioxi\/wp-json\/wp\/v2\/posts\/13860","targetHints":{"allow":["GET"]}}],"collection":[{"href":"https:\/\/redebeneditina.org.br\/pioxi\/wp-json\/wp\/v2\/posts"}],"about":[{"href":"https:\/\/redebeneditina.org.br\/pioxi\/wp-json\/wp\/v2\/types\/post"}],"author":[{"embeddable":true,"href":"https:\/\/redebeneditina.org.br\/pioxi\/wp-json\/wp\/v2\/users\/4"}],"replies":[{"embeddable":true,"href":"https:\/\/redebeneditina.org.br\/pioxi\/wp-json\/wp\/v2\/comments?post=13860"}],"version-history":[{"count":0,"href":"https:\/\/redebeneditina.org.br\/pioxi\/wp-json\/wp\/v2\/posts\/13860\/revisions"}],"wp:featuredmedia":[{"embeddable":true,"href":"https:\/\/redebeneditina.org.br\/pioxi\/wp-json\/wp\/v2\/media\/13861"}],"wp:attachment":[{"href":"https:\/\/redebeneditina.org.br\/pioxi\/wp-json\/wp\/v2\/media?parent=13860"}],"wp:term":[{"taxonomy":"category","embeddable":true,"href":"https:\/\/redebeneditina.org.br\/pioxi\/wp-json\/wp\/v2\/categories?post=13860"},{"taxonomy":"post_tag","embeddable":true,"href":"https:\/\/redebeneditina.org.br\/pioxi\/wp-json\/wp\/v2\/tags?post=13860"}],"curies":[{"name":"wp","href":"https:\/\/api.w.org\/{rel}","templated":true}]}}