{"id":13864,"date":"2023-06-08T20:47:55","date_gmt":"2023-06-08T20:47:55","guid":{"rendered":"https:\/\/redebeneditina.org.br\/pioxi\/?p=13864"},"modified":"2023-06-13T19:55:27","modified_gmt":"2023-06-13T19:55:27","slug":"lembrete-provas-da-oba","status":"publish","type":"post","link":"https:\/\/redebeneditina.org.br\/pioxi\/lembrete-provas-da-oba\/","title":{"rendered":"Lembrete &#8211; Provas da OBA"},"content":{"rendered":"<p>O Instituto Pio XI est\u00e1 participando da OBA 2023. Alunos do EF3 ao EM que se inscreveram far\u00e3o a prova, presencialmente, no dia 19\/05\/23.<\/p>\n<p>As informa\u00e7\u00f5es sobre o hor\u00e1rio de cada turma j\u00e1 foram enviadas atrav\u00e9s do nossos canais oficiais de comunica\u00e7\u00e3o.<\/p>\n<p>Desejamos boa sorte a todos!<\/p>\n","protected":false},"excerpt":{"rendered":"<p>O Instituto Pio XI est\u00e1 participando da OBA 2023. Alunos do EF3 ao EM que se inscreveram far\u00e3o a prova, presencialmente, no dia 19\/05\/23. As informa\u00e7\u00f5es sobre o hor\u00e1rio de cada turma j\u00e1 foram enviadas atrav\u00e9s do nossos canais oficiais de comunica\u00e7\u00e3o. Desejamos boa sorte a todos!<\/p>\n","protected":false},"author":4,"featured_media":13865,"comment_status":"closed","ping_status":"closed","sticky":false,"template":"","format":"standard","meta":{"_monsterinsights_skip_tracking":false,"_monsterinsights_sitenote_active":false,"_monsterinsights_sitenote_note":"","_monsterinsights_sitenote_category":0,"ngg_post_thumbnail":0,"footnotes":""},"categories":[89,90,91],"tags":[],"class_list":["post-13864","post","type-post","status-publish","format-standard","has-post-thumbnail","hentry","category-ens-fund_i","category-ens-fund_ii","category-ens-medio"],"_links":{"self":[{"href":"https:\/\/redebeneditina.org.br\/pioxi\/wp-json\/wp\/v2\/posts\/13864","targetHints":{"allow":["GET"]}}],"collection":[{"href":"https:\/\/redebeneditina.org.br\/pioxi\/wp-json\/wp\/v2\/posts"}],"about":[{"href":"https:\/\/redebeneditina.org.br\/pioxi\/wp-json\/wp\/v2\/types\/post"}],"author":[{"embeddable":true,"href":"https:\/\/redebeneditina.org.br\/pioxi\/wp-json\/wp\/v2\/users\/4"}],"replies":[{"embeddable":true,"href":"https:\/\/redebeneditina.org.br\/pioxi\/wp-json\/wp\/v2\/comments?post=13864"}],"version-history":[{"count":0,"href":"https:\/\/redebeneditina.org.br\/pioxi\/wp-json\/wp\/v2\/posts\/13864\/revisions"}],"wp:featuredmedia":[{"embeddable":true,"href":"https:\/\/redebeneditina.org.br\/pioxi\/wp-json\/wp\/v2\/media\/13865"}],"wp:attachment":[{"href":"https:\/\/redebeneditina.org.br\/pioxi\/wp-json\/wp\/v2\/media?parent=13864"}],"wp:term":[{"taxonomy":"category","embeddable":true,"href":"https:\/\/redebeneditina.org.br\/pioxi\/wp-json\/wp\/v2\/categories?post=13864"},{"taxonomy":"post_tag","embeddable":true,"href":"https:\/\/redebeneditina.org.br\/pioxi\/wp-json\/wp\/v2\/tags?post=13864"}],"curies":[{"name":"wp","href":"https:\/\/api.w.org\/{rel}","templated":true}]}}