{"id":13893,"date":"2023-06-01T13:21:59","date_gmt":"2023-06-01T13:21:59","guid":{"rendered":"https:\/\/redebeneditina.org.br\/pioxi\/?p=13893"},"modified":"2023-06-20T21:23:45","modified_gmt":"2023-06-20T21:23:45","slug":"o-que-voce-deseja-para-o-ano-de-2023-em","status":"publish","type":"post","link":"https:\/\/redebeneditina.org.br\/pioxi\/o-que-voce-deseja-para-o-ano-de-2023-em\/","title":{"rendered":"O que voc\u00ea deseja para o ano de 2023? &#8211; EM"},"content":{"rendered":"<p>Os alunos do EM 3\u00aa participaram de uma din\u00e2mica na aula de Ensino Religioso, com a professora Suzete. O tema apresentado foi &#8220;O que voc\u00ea deseja para o ano de 2023?&#8221; Ap\u00f3s escreverem seus desejos, compartilharam os mesmos com os seus colegas, lembrando que todos n\u00f3s fazemos parte da hist\u00f3ria um do outro. O objetivo foi incentivar a partilha e despertar a confian\u00e7a neste tempo de grandes desafios. Descontra\u00eddos e animados, eles perceberam que n\u00e3o est\u00e3o sozinhos.<\/p>\n<p>Confira as fotos:<\/p>\nngg_shortcode_0_placeholder\n","protected":false},"excerpt":{"rendered":"<p>Os alunos do EM 3\u00aa participaram de uma din\u00e2mica na aula de Ensino Religioso, com a professora Suzete. O tema apresentado foi &#8220;O que voc\u00ea deseja para o ano de 2023?&#8221; Ap\u00f3s escreverem seus desejos, compartilharam os mesmos com os seus colegas, lembrando que todos n\u00f3s fazemos parte da hist\u00f3ria um do outro. O objetivo&#8230;<\/p>\n","protected":false},"author":4,"featured_media":13894,"comment_status":"closed","ping_status":"closed","sticky":false,"template":"","format":"standard","meta":{"_monsterinsights_skip_tracking":false,"_monsterinsights_sitenote_active":false,"_monsterinsights_sitenote_note":"","_monsterinsights_sitenote_category":0,"ngg_post_thumbnail":0,"footnotes":""},"categories":[84,91,82,95],"tags":[],"class_list":["post-13893","post","type-post","status-publish","format-standard","has-post-thumbnail","hentry","category-ano-2023","category-ens-medio","category-noticias","category-pastoral-escolar"],"_links":{"self":[{"href":"https:\/\/redebeneditina.org.br\/pioxi\/wp-json\/wp\/v2\/posts\/13893","targetHints":{"allow":["GET"]}}],"collection":[{"href":"https:\/\/redebeneditina.org.br\/pioxi\/wp-json\/wp\/v2\/posts"}],"about":[{"href":"https:\/\/redebeneditina.org.br\/pioxi\/wp-json\/wp\/v2\/types\/post"}],"author":[{"embeddable":true,"href":"https:\/\/redebeneditina.org.br\/pioxi\/wp-json\/wp\/v2\/users\/4"}],"replies":[{"embeddable":true,"href":"https:\/\/redebeneditina.org.br\/pioxi\/wp-json\/wp\/v2\/comments?post=13893"}],"version-history":[{"count":0,"href":"https:\/\/redebeneditina.org.br\/pioxi\/wp-json\/wp\/v2\/posts\/13893\/revisions"}],"wp:featuredmedia":[{"embeddable":true,"href":"https:\/\/redebeneditina.org.br\/pioxi\/wp-json\/wp\/v2\/media\/13894"}],"wp:attachment":[{"href":"https:\/\/redebeneditina.org.br\/pioxi\/wp-json\/wp\/v2\/media?parent=13893"}],"wp:term":[{"taxonomy":"category","embeddable":true,"href":"https:\/\/redebeneditina.org.br\/pioxi\/wp-json\/wp\/v2\/categories?post=13893"},{"taxonomy":"post_tag","embeddable":true,"href":"https:\/\/redebeneditina.org.br\/pioxi\/wp-json\/wp\/v2\/tags?post=13893"}],"curies":[{"name":"wp","href":"https:\/\/api.w.org\/{rel}","templated":true}]}}