{"id":15809,"date":"2023-09-11T18:15:52","date_gmt":"2023-09-11T21:15:52","guid":{"rendered":"https:\/\/redebeneditina.org.br\/pioxi\/?p=15809"},"modified":"2023-09-14T18:18:43","modified_gmt":"2023-09-14T21:18:43","slug":"dia-da-independencia-do-brasil-educacao-infantil","status":"publish","type":"post","link":"https:\/\/redebeneditina.org.br\/pioxi\/dia-da-independencia-do-brasil-educacao-infantil\/","title":{"rendered":"Dia da Independ\u00eancia do Brasil &#8211; Educa\u00e7\u00e3o Infantil"},"content":{"rendered":"<p>As turmas da Educa\u00e7\u00e3o Infantil aprenderam sobre a import\u00e2ncia do Dia da Independ\u00eancia do Brasil. Ouviram o Hino Nacional e prestigiaram todos aqueles que lutam e defendem o nosso Pa\u00eds.<\/p>\n<p>Confira as fotos:<\/p>\nngg_shortcode_0_placeholder\n<p>&nbsp;<\/p>\n","protected":false},"excerpt":{"rendered":"<p>As turmas da Educa\u00e7\u00e3o Infantil aprenderam sobre a import\u00e2ncia do Dia da Independ\u00eancia do Brasil. Ouviram o Hino Nacional e prestigiaram todos aqueles que lutam e defendem o nosso Pa\u00eds. Confira as fotos: &nbsp; &nbsp;<\/p>\n","protected":false},"author":4,"featured_media":15815,"comment_status":"closed","ping_status":"closed","sticky":false,"template":"","format":"standard","meta":{"_monsterinsights_skip_tracking":false,"_monsterinsights_sitenote_active":false,"_monsterinsights_sitenote_note":"","_monsterinsights_sitenote_category":0,"ngg_post_thumbnail":0,"footnotes":""},"categories":[84,88,82],"tags":[],"class_list":["post-15809","post","type-post","status-publish","format-standard","has-post-thumbnail","hentry","category-ano-2023","category-ed-infantil","category-noticias"],"_links":{"self":[{"href":"https:\/\/redebeneditina.org.br\/pioxi\/wp-json\/wp\/v2\/posts\/15809","targetHints":{"allow":["GET"]}}],"collection":[{"href":"https:\/\/redebeneditina.org.br\/pioxi\/wp-json\/wp\/v2\/posts"}],"about":[{"href":"https:\/\/redebeneditina.org.br\/pioxi\/wp-json\/wp\/v2\/types\/post"}],"author":[{"embeddable":true,"href":"https:\/\/redebeneditina.org.br\/pioxi\/wp-json\/wp\/v2\/users\/4"}],"replies":[{"embeddable":true,"href":"https:\/\/redebeneditina.org.br\/pioxi\/wp-json\/wp\/v2\/comments?post=15809"}],"version-history":[{"count":0,"href":"https:\/\/redebeneditina.org.br\/pioxi\/wp-json\/wp\/v2\/posts\/15809\/revisions"}],"wp:featuredmedia":[{"embeddable":true,"href":"https:\/\/redebeneditina.org.br\/pioxi\/wp-json\/wp\/v2\/media\/15815"}],"wp:attachment":[{"href":"https:\/\/redebeneditina.org.br\/pioxi\/wp-json\/wp\/v2\/media?parent=15809"}],"wp:term":[{"taxonomy":"category","embeddable":true,"href":"https:\/\/redebeneditina.org.br\/pioxi\/wp-json\/wp\/v2\/categories?post=15809"},{"taxonomy":"post_tag","embeddable":true,"href":"https:\/\/redebeneditina.org.br\/pioxi\/wp-json\/wp\/v2\/tags?post=15809"}],"curies":[{"name":"wp","href":"https:\/\/api.w.org\/{rel}","templated":true}]}}