{"id":15829,"date":"2023-09-12T18:22:39","date_gmt":"2023-09-12T21:22:39","guid":{"rendered":"https:\/\/redebeneditina.org.br\/pioxi\/?p=15829"},"modified":"2023-09-14T18:25:16","modified_gmt":"2023-09-14T21:25:16","slug":"fracao-4o-ano-ef","status":"publish","type":"post","link":"https:\/\/redebeneditina.org.br\/pioxi\/fracao-4o-ano-ef\/","title":{"rendered":"Fra\u00e7\u00e3o &#8211; 4\u00ba ano EF"},"content":{"rendered":"<p>Que del\u00edcia de aula!<\/p>\n<p>Para trabalhar o conceito de fra\u00e7\u00e3o de forma contextualizada, os alunos do 4\u00b0 Ano, orientados pelas professoras Ana Beatriz e Maria de F\u00e1tima, desenvolveram a ideia de fra\u00e7\u00e3o como reparti\u00e7\u00e3o, em partes iguais, e reconhecimento de numerador e denominador, utilizando como recurso uma deliciosa barra de chocolate.<\/p>\n<p>Confira as fotos:<\/p>\nngg_shortcode_0_placeholder\n","protected":false},"excerpt":{"rendered":"<p>Que del\u00edcia de aula! Para trabalhar o conceito de fra\u00e7\u00e3o de forma contextualizada, os alunos do 4\u00b0 Ano, orientados pelas professoras Ana Beatriz e Maria de F\u00e1tima, desenvolveram a ideia de fra\u00e7\u00e3o como reparti\u00e7\u00e3o, em partes iguais, e reconhecimento de numerador e denominador, utilizando como recurso uma deliciosa barra de chocolate. Confira as fotos:<\/p>\n","protected":false},"author":4,"featured_media":15849,"comment_status":"closed","ping_status":"closed","sticky":false,"template":"","format":"standard","meta":{"_monsterinsights_skip_tracking":false,"_monsterinsights_sitenote_active":false,"_monsterinsights_sitenote_note":"","_monsterinsights_sitenote_category":0,"ngg_post_thumbnail":0,"footnotes":""},"categories":[84,89,82],"tags":[],"class_list":["post-15829","post","type-post","status-publish","format-standard","has-post-thumbnail","hentry","category-ano-2023","category-ens-fund_i","category-noticias"],"_links":{"self":[{"href":"https:\/\/redebeneditina.org.br\/pioxi\/wp-json\/wp\/v2\/posts\/15829","targetHints":{"allow":["GET"]}}],"collection":[{"href":"https:\/\/redebeneditina.org.br\/pioxi\/wp-json\/wp\/v2\/posts"}],"about":[{"href":"https:\/\/redebeneditina.org.br\/pioxi\/wp-json\/wp\/v2\/types\/post"}],"author":[{"embeddable":true,"href":"https:\/\/redebeneditina.org.br\/pioxi\/wp-json\/wp\/v2\/users\/4"}],"replies":[{"embeddable":true,"href":"https:\/\/redebeneditina.org.br\/pioxi\/wp-json\/wp\/v2\/comments?post=15829"}],"version-history":[{"count":0,"href":"https:\/\/redebeneditina.org.br\/pioxi\/wp-json\/wp\/v2\/posts\/15829\/revisions"}],"wp:featuredmedia":[{"embeddable":true,"href":"https:\/\/redebeneditina.org.br\/pioxi\/wp-json\/wp\/v2\/media\/15849"}],"wp:attachment":[{"href":"https:\/\/redebeneditina.org.br\/pioxi\/wp-json\/wp\/v2\/media?parent=15829"}],"wp:term":[{"taxonomy":"category","embeddable":true,"href":"https:\/\/redebeneditina.org.br\/pioxi\/wp-json\/wp\/v2\/categories?post=15829"},{"taxonomy":"post_tag","embeddable":true,"href":"https:\/\/redebeneditina.org.br\/pioxi\/wp-json\/wp\/v2\/tags?post=15829"}],"curies":[{"name":"wp","href":"https:\/\/api.w.org\/{rel}","templated":true}]}}