{"id":15920,"date":"2023-09-14T18:37:26","date_gmt":"2023-09-14T21:37:26","guid":{"rendered":"https:\/\/redebeneditina.org.br\/pioxi\/?p=15920"},"modified":"2023-09-14T18:37:26","modified_gmt":"2023-09-14T21:37:26","slug":"empreendedorismo-5o-ano-ef","status":"publish","type":"post","link":"https:\/\/redebeneditina.org.br\/pioxi\/empreendedorismo-5o-ano-ef\/","title":{"rendered":"Empreendedorismo &#8211; 5\u00ba ano EF"},"content":{"rendered":"<p>Voc\u00ea j\u00e1 brincou de stop?<\/p>\n<p>Os alunos do 5\u00b0 ano tiveram a oportunidade de recordar as profiss\u00f5es e pensar em atividades desenvolvidas pelo profissional de cada \u00e1rea, atrav\u00e9s da disciplina do Empreendedorismo.<br \/>\nBrincando tamb\u00e9m se aprende!<\/p>\n<p>Confira as fotos:<\/p>\nngg_shortcode_0_placeholder\n","protected":false},"excerpt":{"rendered":"<p>Voc\u00ea j\u00e1 brincou de stop? Os alunos do 5\u00b0 ano tiveram a oportunidade de recordar as profiss\u00f5es e pensar em atividades desenvolvidas pelo profissional de cada \u00e1rea, atrav\u00e9s da disciplina do Empreendedorismo. Brincando tamb\u00e9m se aprende! Confira as fotos:<\/p>\n","protected":false},"author":4,"featured_media":15921,"comment_status":"closed","ping_status":"closed","sticky":false,"template":"","format":"standard","meta":{"_monsterinsights_skip_tracking":false,"_monsterinsights_sitenote_active":false,"_monsterinsights_sitenote_note":"","_monsterinsights_sitenote_category":0,"ngg_post_thumbnail":0,"footnotes":""},"categories":[84,89,82],"tags":[],"class_list":["post-15920","post","type-post","status-publish","format-standard","has-post-thumbnail","hentry","category-ano-2023","category-ens-fund_i","category-noticias"],"_links":{"self":[{"href":"https:\/\/redebeneditina.org.br\/pioxi\/wp-json\/wp\/v2\/posts\/15920","targetHints":{"allow":["GET"]}}],"collection":[{"href":"https:\/\/redebeneditina.org.br\/pioxi\/wp-json\/wp\/v2\/posts"}],"about":[{"href":"https:\/\/redebeneditina.org.br\/pioxi\/wp-json\/wp\/v2\/types\/post"}],"author":[{"embeddable":true,"href":"https:\/\/redebeneditina.org.br\/pioxi\/wp-json\/wp\/v2\/users\/4"}],"replies":[{"embeddable":true,"href":"https:\/\/redebeneditina.org.br\/pioxi\/wp-json\/wp\/v2\/comments?post=15920"}],"version-history":[{"count":0,"href":"https:\/\/redebeneditina.org.br\/pioxi\/wp-json\/wp\/v2\/posts\/15920\/revisions"}],"wp:featuredmedia":[{"embeddable":true,"href":"https:\/\/redebeneditina.org.br\/pioxi\/wp-json\/wp\/v2\/media\/15921"}],"wp:attachment":[{"href":"https:\/\/redebeneditina.org.br\/pioxi\/wp-json\/wp\/v2\/media?parent=15920"}],"wp:term":[{"taxonomy":"category","embeddable":true,"href":"https:\/\/redebeneditina.org.br\/pioxi\/wp-json\/wp\/v2\/categories?post=15920"},{"taxonomy":"post_tag","embeddable":true,"href":"https:\/\/redebeneditina.org.br\/pioxi\/wp-json\/wp\/v2\/tags?post=15920"}],"curies":[{"name":"wp","href":"https:\/\/api.w.org\/{rel}","templated":true}]}}