{"id":15930,"date":"2023-09-14T18:39:30","date_gmt":"2023-09-14T21:39:30","guid":{"rendered":"https:\/\/redebeneditina.org.br\/pioxi\/?p=15930"},"modified":"2023-09-14T18:39:30","modified_gmt":"2023-09-14T21:39:30","slug":"corrida-matematica-pre-2","status":"publish","type":"post","link":"https:\/\/redebeneditina.org.br\/pioxi\/corrida-matematica-pre-2\/","title":{"rendered":"Corrida Matem\u00e1tica &#8211; Pr\u00e9 2"},"content":{"rendered":"<p>Os alunos do Pr\u00e9 2, orientados pela professora Gabriella, est\u00e3o craques nas resolu\u00e7\u00f5es das opera\u00e7\u00f5es matem\u00e1ticas de adi\u00e7\u00e3o e subtra\u00e7\u00e3o. Para tornar esse conte\u00fado mais divertido e desafiador, a turma foi dividida em dois grupos para participar da atividade l\u00fadica &#8220;Corrida Matem\u00e1tica&#8221;.<\/p>\n<p>Como \u00e9 bom aprender brincando!<\/p>\n<p>Confira as fotos:<\/p>\nngg_shortcode_0_placeholder\n","protected":false},"excerpt":{"rendered":"<p>Os alunos do Pr\u00e9 2, orientados pela professora Gabriella, est\u00e3o craques nas resolu\u00e7\u00f5es das opera\u00e7\u00f5es matem\u00e1ticas de adi\u00e7\u00e3o e subtra\u00e7\u00e3o. Para tornar esse conte\u00fado mais divertido e desafiador, a turma foi dividida em dois grupos para participar da atividade l\u00fadica &#8220;Corrida Matem\u00e1tica&#8221;. Como \u00e9 bom aprender brincando! Confira as fotos:<\/p>\n","protected":false},"author":4,"featured_media":15950,"comment_status":"closed","ping_status":"closed","sticky":false,"template":"","format":"standard","meta":{"_monsterinsights_skip_tracking":false,"_monsterinsights_sitenote_active":false,"_monsterinsights_sitenote_note":"","_monsterinsights_sitenote_category":0,"ngg_post_thumbnail":0,"footnotes":""},"categories":[84,88,82],"tags":[],"class_list":["post-15930","post","type-post","status-publish","format-standard","has-post-thumbnail","hentry","category-ano-2023","category-ed-infantil","category-noticias"],"_links":{"self":[{"href":"https:\/\/redebeneditina.org.br\/pioxi\/wp-json\/wp\/v2\/posts\/15930","targetHints":{"allow":["GET"]}}],"collection":[{"href":"https:\/\/redebeneditina.org.br\/pioxi\/wp-json\/wp\/v2\/posts"}],"about":[{"href":"https:\/\/redebeneditina.org.br\/pioxi\/wp-json\/wp\/v2\/types\/post"}],"author":[{"embeddable":true,"href":"https:\/\/redebeneditina.org.br\/pioxi\/wp-json\/wp\/v2\/users\/4"}],"replies":[{"embeddable":true,"href":"https:\/\/redebeneditina.org.br\/pioxi\/wp-json\/wp\/v2\/comments?post=15930"}],"version-history":[{"count":0,"href":"https:\/\/redebeneditina.org.br\/pioxi\/wp-json\/wp\/v2\/posts\/15930\/revisions"}],"wp:featuredmedia":[{"embeddable":true,"href":"https:\/\/redebeneditina.org.br\/pioxi\/wp-json\/wp\/v2\/media\/15950"}],"wp:attachment":[{"href":"https:\/\/redebeneditina.org.br\/pioxi\/wp-json\/wp\/v2\/media?parent=15930"}],"wp:term":[{"taxonomy":"category","embeddable":true,"href":"https:\/\/redebeneditina.org.br\/pioxi\/wp-json\/wp\/v2\/categories?post=15930"},{"taxonomy":"post_tag","embeddable":true,"href":"https:\/\/redebeneditina.org.br\/pioxi\/wp-json\/wp\/v2\/tags?post=15930"}],"curies":[{"name":"wp","href":"https:\/\/api.w.org\/{rel}","templated":true}]}}