{"id":16177,"date":"2023-09-22T16:01:48","date_gmt":"2023-09-22T19:01:48","guid":{"rendered":"https:\/\/redebeneditina.org.br\/pioxi\/?p=16177"},"modified":"2023-09-22T16:01:48","modified_gmt":"2023-09-22T19:01:48","slug":"regioes-brasileiras-4o-ano-ef","status":"publish","type":"post","link":"https:\/\/redebeneditina.org.br\/pioxi\/regioes-brasileiras-4o-ano-ef\/","title":{"rendered":"Regi\u00f5es brasileiras &#8211; 4\u00ba ano EF"},"content":{"rendered":"<p>Com a finalidade de tornar o conhecimento uma divers\u00e3o, as turmas do 4\u00b0 ano aprenderam sobre as regi\u00f5es brasileiras e seus respectivos estados, usando um mapa m\u00e1gico.<\/p>\n<p>Eles adoraram a experi\u00eancia de raspar o mapa e descobrir qual seria a pr\u00f3xima regi\u00e3o.<\/p>\n<p>Confira as fotos:<\/p>\nngg_shortcode_0_placeholder\n","protected":false},"excerpt":{"rendered":"<p>Com a finalidade de tornar o conhecimento uma divers\u00e3o, as turmas do 4\u00b0 ano aprenderam sobre as regi\u00f5es brasileiras e seus respectivos estados, usando um mapa m\u00e1gico. Eles adoraram a experi\u00eancia de raspar o mapa e descobrir qual seria a pr\u00f3xima regi\u00e3o. Confira as fotos:<\/p>\n","protected":false},"author":4,"featured_media":16178,"comment_status":"closed","ping_status":"closed","sticky":false,"template":"","format":"standard","meta":{"_monsterinsights_skip_tracking":false,"_monsterinsights_sitenote_active":false,"_monsterinsights_sitenote_note":"","_monsterinsights_sitenote_category":0,"ngg_post_thumbnail":0,"footnotes":""},"categories":[84,89,82],"tags":[],"class_list":["post-16177","post","type-post","status-publish","format-standard","has-post-thumbnail","hentry","category-ano-2023","category-ens-fund_i","category-noticias"],"_links":{"self":[{"href":"https:\/\/redebeneditina.org.br\/pioxi\/wp-json\/wp\/v2\/posts\/16177","targetHints":{"allow":["GET"]}}],"collection":[{"href":"https:\/\/redebeneditina.org.br\/pioxi\/wp-json\/wp\/v2\/posts"}],"about":[{"href":"https:\/\/redebeneditina.org.br\/pioxi\/wp-json\/wp\/v2\/types\/post"}],"author":[{"embeddable":true,"href":"https:\/\/redebeneditina.org.br\/pioxi\/wp-json\/wp\/v2\/users\/4"}],"replies":[{"embeddable":true,"href":"https:\/\/redebeneditina.org.br\/pioxi\/wp-json\/wp\/v2\/comments?post=16177"}],"version-history":[{"count":0,"href":"https:\/\/redebeneditina.org.br\/pioxi\/wp-json\/wp\/v2\/posts\/16177\/revisions"}],"wp:featuredmedia":[{"embeddable":true,"href":"https:\/\/redebeneditina.org.br\/pioxi\/wp-json\/wp\/v2\/media\/16178"}],"wp:attachment":[{"href":"https:\/\/redebeneditina.org.br\/pioxi\/wp-json\/wp\/v2\/media?parent=16177"}],"wp:term":[{"taxonomy":"category","embeddable":true,"href":"https:\/\/redebeneditina.org.br\/pioxi\/wp-json\/wp\/v2\/categories?post=16177"},{"taxonomy":"post_tag","embeddable":true,"href":"https:\/\/redebeneditina.org.br\/pioxi\/wp-json\/wp\/v2\/tags?post=16177"}],"curies":[{"name":"wp","href":"https:\/\/api.w.org\/{rel}","templated":true}]}}