{"id":16545,"date":"2023-10-07T17:19:11","date_gmt":"2023-10-07T20:19:11","guid":{"rendered":"https:\/\/redebeneditina.org.br\/pioxi\/?p=16545"},"modified":"2023-10-07T17:19:11","modified_gmt":"2023-10-07T20:19:11","slug":"biomas-brasileiros-ef7","status":"publish","type":"post","link":"https:\/\/redebeneditina.org.br\/pioxi\/biomas-brasileiros-ef7\/","title":{"rendered":"Biomas brasileiros &#8211; EF7"},"content":{"rendered":"<p>Os alunos do EF7, orientados pelas professoras Simone (Ci\u00eancias)e Fernanda (Geografia), apresentaram pesquisas sobre a diversidade e import\u00e2ncia dos diferentes biomas brasileiros, despertando consci\u00eancia ambiental e valoriza\u00e7\u00e3o da nossa rica biodiversidade.<\/p>\n<p>Confira as fotos:<\/p>\nngg_shortcode_0_placeholder\n","protected":false},"excerpt":{"rendered":"<p>Os alunos do EF7, orientados pelas professoras Simone (Ci\u00eancias)e Fernanda (Geografia), apresentaram pesquisas sobre a diversidade e import\u00e2ncia dos diferentes biomas brasileiros, despertando consci\u00eancia ambiental e valoriza\u00e7\u00e3o da nossa rica biodiversidade. Confira as fotos:<\/p>\n","protected":false},"author":4,"featured_media":16546,"comment_status":"closed","ping_status":"closed","sticky":false,"template":"","format":"standard","meta":{"_monsterinsights_skip_tracking":false,"_monsterinsights_sitenote_active":false,"_monsterinsights_sitenote_note":"","_monsterinsights_sitenote_category":0,"ngg_post_thumbnail":0,"footnotes":""},"categories":[84,90,82],"tags":[],"class_list":["post-16545","post","type-post","status-publish","format-standard","has-post-thumbnail","hentry","category-ano-2023","category-ens-fund_ii","category-noticias"],"_links":{"self":[{"href":"https:\/\/redebeneditina.org.br\/pioxi\/wp-json\/wp\/v2\/posts\/16545","targetHints":{"allow":["GET"]}}],"collection":[{"href":"https:\/\/redebeneditina.org.br\/pioxi\/wp-json\/wp\/v2\/posts"}],"about":[{"href":"https:\/\/redebeneditina.org.br\/pioxi\/wp-json\/wp\/v2\/types\/post"}],"author":[{"embeddable":true,"href":"https:\/\/redebeneditina.org.br\/pioxi\/wp-json\/wp\/v2\/users\/4"}],"replies":[{"embeddable":true,"href":"https:\/\/redebeneditina.org.br\/pioxi\/wp-json\/wp\/v2\/comments?post=16545"}],"version-history":[{"count":0,"href":"https:\/\/redebeneditina.org.br\/pioxi\/wp-json\/wp\/v2\/posts\/16545\/revisions"}],"wp:featuredmedia":[{"embeddable":true,"href":"https:\/\/redebeneditina.org.br\/pioxi\/wp-json\/wp\/v2\/media\/16546"}],"wp:attachment":[{"href":"https:\/\/redebeneditina.org.br\/pioxi\/wp-json\/wp\/v2\/media?parent=16545"}],"wp:term":[{"taxonomy":"category","embeddable":true,"href":"https:\/\/redebeneditina.org.br\/pioxi\/wp-json\/wp\/v2\/categories?post=16545"},{"taxonomy":"post_tag","embeddable":true,"href":"https:\/\/redebeneditina.org.br\/pioxi\/wp-json\/wp\/v2\/tags?post=16545"}],"curies":[{"name":"wp","href":"https:\/\/api.w.org\/{rel}","templated":true}]}}