{"id":16555,"date":"2023-10-07T17:21:26","date_gmt":"2023-10-07T20:21:26","guid":{"rendered":"https:\/\/redebeneditina.org.br\/pioxi\/?p=16555"},"modified":"2023-10-07T17:21:26","modified_gmt":"2023-10-07T20:21:26","slug":"setembro-amarelo-6o-ano","status":"publish","type":"post","link":"https:\/\/redebeneditina.org.br\/pioxi\/setembro-amarelo-6o-ano\/","title":{"rendered":"Setembro Amarelo &#8211; 6\u00ba ano"},"content":{"rendered":"<p>Engajados na campanha Setembro Amarelo, os alunos do sexto ano, orientados pela professora Waleska, produziram um mural sobre h\u00e1bitos que iluminam a vida das pessoas.<\/p>\n<p>&#8220;Seja a ajuda, busque ajuda&#8221;. Esse foi o tema trabalhado no s\u00e9timo ano durante a campanha Setembro Amarelo. Orientados pelas professoras Thain\u00e1 e Waleska, os alunos produziram an\u00fancios sobre valoriza\u00e7\u00e3o da vida.<\/p>\n<p>Confira as fotos:<\/p>\nngg_shortcode_0_placeholder\n","protected":false},"excerpt":{"rendered":"<p>Engajados na campanha Setembro Amarelo, os alunos do sexto ano, orientados pela professora Waleska, produziram um mural sobre h\u00e1bitos que iluminam a vida das pessoas. &#8220;Seja a ajuda, busque ajuda&#8221;. Esse foi o tema trabalhado no s\u00e9timo ano durante a campanha Setembro Amarelo. Orientados pelas professoras Thain\u00e1 e Waleska, os alunos produziram an\u00fancios sobre valoriza\u00e7\u00e3o&#8230;<\/p>\n","protected":false},"author":4,"featured_media":16556,"comment_status":"closed","ping_status":"closed","sticky":false,"template":"","format":"standard","meta":{"_monsterinsights_skip_tracking":false,"_monsterinsights_sitenote_active":false,"_monsterinsights_sitenote_note":"","_monsterinsights_sitenote_category":0,"ngg_post_thumbnail":0,"footnotes":""},"categories":[84,90,82],"tags":[],"class_list":["post-16555","post","type-post","status-publish","format-standard","has-post-thumbnail","hentry","category-ano-2023","category-ens-fund_ii","category-noticias"],"_links":{"self":[{"href":"https:\/\/redebeneditina.org.br\/pioxi\/wp-json\/wp\/v2\/posts\/16555","targetHints":{"allow":["GET"]}}],"collection":[{"href":"https:\/\/redebeneditina.org.br\/pioxi\/wp-json\/wp\/v2\/posts"}],"about":[{"href":"https:\/\/redebeneditina.org.br\/pioxi\/wp-json\/wp\/v2\/types\/post"}],"author":[{"embeddable":true,"href":"https:\/\/redebeneditina.org.br\/pioxi\/wp-json\/wp\/v2\/users\/4"}],"replies":[{"embeddable":true,"href":"https:\/\/redebeneditina.org.br\/pioxi\/wp-json\/wp\/v2\/comments?post=16555"}],"version-history":[{"count":0,"href":"https:\/\/redebeneditina.org.br\/pioxi\/wp-json\/wp\/v2\/posts\/16555\/revisions"}],"wp:featuredmedia":[{"embeddable":true,"href":"https:\/\/redebeneditina.org.br\/pioxi\/wp-json\/wp\/v2\/media\/16556"}],"wp:attachment":[{"href":"https:\/\/redebeneditina.org.br\/pioxi\/wp-json\/wp\/v2\/media?parent=16555"}],"wp:term":[{"taxonomy":"category","embeddable":true,"href":"https:\/\/redebeneditina.org.br\/pioxi\/wp-json\/wp\/v2\/categories?post=16555"},{"taxonomy":"post_tag","embeddable":true,"href":"https:\/\/redebeneditina.org.br\/pioxi\/wp-json\/wp\/v2\/tags?post=16555"}],"curies":[{"name":"wp","href":"https:\/\/api.w.org\/{rel}","templated":true}]}}