{"id":16567,"date":"2023-10-07T17:23:53","date_gmt":"2023-10-07T20:23:53","guid":{"rendered":"https:\/\/redebeneditina.org.br\/pioxi\/?p=16567"},"modified":"2023-10-07T17:23:53","modified_gmt":"2023-10-07T20:23:53","slug":"consoante-h-pre-2","status":"publish","type":"post","link":"https:\/\/redebeneditina.org.br\/pioxi\/consoante-h-pre-2\/","title":{"rendered":"Consoante H  &#8211; Pr\u00e9 2"},"content":{"rendered":"<p>Os alunos do Pr\u00e9 2, orientados pela professora Gabriella, aprenderam a consoante H e sua fam\u00edlia sil\u00e1bica. A divers\u00e3o foi garantida ao embarcarem no mundo da imagina\u00e7\u00e3o e alegria, ao vestirem-se de her\u00f3is e hero\u00ednas.<\/p>\n<p>Confira as fotos:<\/p>\nngg_shortcode_0_placeholder\n","protected":false},"excerpt":{"rendered":"<p>Os alunos do Pr\u00e9 2, orientados pela professora Gabriella, aprenderam a consoante H e sua fam\u00edlia sil\u00e1bica. A divers\u00e3o foi garantida ao embarcarem no mundo da imagina\u00e7\u00e3o e alegria, ao vestirem-se de her\u00f3is e hero\u00ednas. Confira as fotos:<\/p>\n","protected":false},"author":4,"featured_media":16568,"comment_status":"closed","ping_status":"closed","sticky":false,"template":"","format":"standard","meta":{"_monsterinsights_skip_tracking":false,"_monsterinsights_sitenote_active":false,"_monsterinsights_sitenote_note":"","_monsterinsights_sitenote_category":0,"ngg_post_thumbnail":0,"footnotes":""},"categories":[84,88,82],"tags":[],"class_list":["post-16567","post","type-post","status-publish","format-standard","has-post-thumbnail","hentry","category-ano-2023","category-ed-infantil","category-noticias"],"_links":{"self":[{"href":"https:\/\/redebeneditina.org.br\/pioxi\/wp-json\/wp\/v2\/posts\/16567","targetHints":{"allow":["GET"]}}],"collection":[{"href":"https:\/\/redebeneditina.org.br\/pioxi\/wp-json\/wp\/v2\/posts"}],"about":[{"href":"https:\/\/redebeneditina.org.br\/pioxi\/wp-json\/wp\/v2\/types\/post"}],"author":[{"embeddable":true,"href":"https:\/\/redebeneditina.org.br\/pioxi\/wp-json\/wp\/v2\/users\/4"}],"replies":[{"embeddable":true,"href":"https:\/\/redebeneditina.org.br\/pioxi\/wp-json\/wp\/v2\/comments?post=16567"}],"version-history":[{"count":0,"href":"https:\/\/redebeneditina.org.br\/pioxi\/wp-json\/wp\/v2\/posts\/16567\/revisions"}],"wp:featuredmedia":[{"embeddable":true,"href":"https:\/\/redebeneditina.org.br\/pioxi\/wp-json\/wp\/v2\/media\/16568"}],"wp:attachment":[{"href":"https:\/\/redebeneditina.org.br\/pioxi\/wp-json\/wp\/v2\/media?parent=16567"}],"wp:term":[{"taxonomy":"category","embeddable":true,"href":"https:\/\/redebeneditina.org.br\/pioxi\/wp-json\/wp\/v2\/categories?post=16567"},{"taxonomy":"post_tag","embeddable":true,"href":"https:\/\/redebeneditina.org.br\/pioxi\/wp-json\/wp\/v2\/tags?post=16567"}],"curies":[{"name":"wp","href":"https:\/\/api.w.org\/{rel}","templated":true}]}}